{"id":2940,"date":"2024-08-09T09:02:29","date_gmt":"2024-08-09T12:02:29","guid":{"rendered":"https:\/\/www.pescanordeste.com.br\/revista\/?p=2940"},"modified":"2024-08-19T10:29:09","modified_gmt":"2024-08-19T13:29:09","slug":"minuto-da-pesca-06-nelsinho-com-trairao-02","status":"publish","type":"post","link":"https:\/\/www.pescanordeste.com.br\/revista\/minuto-da-pesca-06-nelsinho-com-trairao-02\/","title":{"rendered":"Minuto da Pesca 06 &#8211; Nelsinho com trair\u00e3o 02"},"content":{"rendered":"\n<p>Pescaria de trair\u00e3o no Igarap\u00e9 do Bala, afluente do rio Iriri, usando iscas artificiais de superf\u00edcie. Um verdadeiro para\u00edso!<\/p>\n\n\n\n<figure class=\"wp-block-embed is-type-video is-provider-youtube wp-block-embed-youtube wp-embed-aspect-16-9 wp-has-aspect-ratio\"><div class=\"wp-block-embed__wrapper\">\n<iframe loading=\"lazy\" title=\"Minuto da Pesca 06 - Nelsinho com trair\u00e3o 02 #marcoantonioguerreiroferreira\" width=\"500\" height=\"281\" src=\"https:\/\/www.youtube.com\/embed\/PRW5Vq3DyAk?feature=oembed\" frameborder=\"0\" allow=\"accelerometer; autoplay; clipboard-write; encrypted-media; gyroscope; picture-in-picture; web-share\" referrerpolicy=\"strict-origin-when-cross-origin\" allowfullscreen><\/iframe>\n<\/div><\/figure>\n","protected":false},"excerpt":{"rendered":"<p>Pescaria de trair\u00e3o no Igarap\u00e9 do Bala, afluente do rio Iriri, usando iscas artificiais de superf\u00edcie. Um verdadeiro para\u00edso!<\/p>\n","protected":false},"author":5,"featured_media":0,"comment_status":"closed","ping_status":"closed","sticky":false,"template":"","format":"standard","meta":{"sfsi_plus_gutenberg_text_before_share":"","sfsi_plus_gutenberg_show_text_before_share":"","sfsi_plus_gutenberg_icon_type":"","sfsi_plus_gutenberg_icon_alignemt":"","sfsi_plus_gutenburg_max_per_row":"","footnotes":""},"categories":[385],"tags":[178,386,30,4,353,355],"class_list":["post-2940","post","type-post","status-publish","format-standard","hentry","category-minuto-da-pesca","tag-marcao","tag-minuto-da-pesca","tag-pesca","tag-pescaria","tag-rio-iriri","tag-trairao"],"_links":{"self":[{"href":"https:\/\/www.pescanordeste.com.br\/revista\/wp-json\/wp\/v2\/posts\/2940","targetHints":{"allow":["GET"]}}],"collection":[{"href":"https:\/\/www.pescanordeste.com.br\/revista\/wp-json\/wp\/v2\/posts"}],"about":[{"href":"https:\/\/www.pescanordeste.com.br\/revista\/wp-json\/wp\/v2\/types\/post"}],"author":[{"embeddable":true,"href":"https:\/\/www.pescanordeste.com.br\/revista\/wp-json\/wp\/v2\/users\/5"}],"replies":[{"embeddable":true,"href":"https:\/\/www.pescanordeste.com.br\/revista\/wp-json\/wp\/v2\/comments?post=2940"}],"version-history":[{"count":1,"href":"https:\/\/www.pescanordeste.com.br\/revista\/wp-json\/wp\/v2\/posts\/2940\/revisions"}],"predecessor-version":[{"id":2941,"href":"https:\/\/www.pescanordeste.com.br\/revista\/wp-json\/wp\/v2\/posts\/2940\/revisions\/2941"}],"wp:attachment":[{"href":"https:\/\/www.pescanordeste.com.br\/revista\/wp-json\/wp\/v2\/media?parent=2940"}],"wp:term":[{"taxonomy":"category","embeddable":true,"href":"https:\/\/www.pescanordeste.com.br\/revista\/wp-json\/wp\/v2\/categories?post=2940"},{"taxonomy":"post_tag","embeddable":true,"href":"https:\/\/www.pescanordeste.com.br\/revista\/wp-json\/wp\/v2\/tags?post=2940"}],"curies":[{"name":"wp","href":"https:\/\/api.w.org\/{rel}","templated":true}]}}