{"id":2928,"date":"2024-08-05T14:21:27","date_gmt":"2024-08-05T17:21:27","guid":{"rendered":"https:\/\/www.pescanordeste.com.br\/revista\/?p=2928"},"modified":"2024-08-19T10:30:22","modified_gmt":"2024-08-19T13:30:22","slug":"minuto-da-pesca-01-osvaldo-com-robalao","status":"publish","type":"post","link":"https:\/\/www.pescanordeste.com.br\/revista\/minuto-da-pesca-01-osvaldo-com-robalao\/","title":{"rendered":"Minuto da Pesca 01 &#8211; Osvaldo com robal\u00e3o"},"content":{"rendered":"\n<p>Ol\u00e1, pessoal! Desisto de remar contra a mar\u00e9. Quando comecei a postar v\u00eddeos shorts, apesar de n\u00e3o gostar do formato 9:16, fiz para tentar dar um impulso nas visualiza\u00e7\u00f5es e curtidas no meu canal aqui no You Tube, seguindo o modismo. Para o meu gosto, esse formato n\u00e3o serve para cenas de a\u00e7\u00e3o, natureza e pescarias, como comentei ao dar in\u00edcio \u00e0s postagens. Em outras situa\u00e7\u00f5es cai bem, como por exemplo um desfile de modas, onde o modelo \u00e9 foco principal e o perif\u00e9rico n\u00e3o importa muito. N\u00e3o consegui nenhum progresso, depois de mais de 200 postagens, e n\u00e3o avancei nada com rela\u00e7\u00e3o \u00e0 monetiza\u00e7\u00e3o dos v\u00eddeos. L\u00f3gico que gosto de rever o passado e viajar no tempo, mas d\u00e1 trabalho e n\u00e3o sou hip\u00f3crita ao ponto de dizer que o retorno financeiro n\u00e3o me importa. Como tenho muito mais de 200 v\u00eddeos shorts j\u00e1 feitos e ainda a colocar, n\u00e3o o farei nos termos atuais, mas nos meus termos, embora com certeza as visualiza\u00e7\u00f5es e curti\u00e7\u00f5es caiam mais ainda, mas j\u00e1 que financeiramente n\u00e3o contribuem, farei apenas por diletantismo, o que j\u00e1 deveria ter feito. Assim, a partir de hoje come\u00e7o uma nova s\u00e9rie, \u201cMinuto da Pesca\u201d, onde colocarei os v\u00eddeos \u201cshorts\u201d que faltam postar, mas no formato 16:09, e posteriormente relan\u00e7arei os j\u00e1 postados em 09:16 no formato original, para completar o trabalho. N\u00e3o estou mais preocupado com curtidas no YouTube, nem tenho mais expectativas quanto ao resultado. Como j\u00e1 disse antes, apenas por diletantismo e por j\u00e1 ter o trabalho pronto. Grande abra\u00e7o a todos, e aqui vai o \u201cMinuto da Pesca 01\u201d<\/p>\n\n\n\n<figure class=\"wp-block-embed is-type-video is-provider-youtube wp-block-embed-youtube wp-embed-aspect-16-9 wp-has-aspect-ratio\"><div class=\"wp-block-embed__wrapper\">\n<iframe loading=\"lazy\" title=\"Minuto da Pesca 01   Osvaldo com robal\u00e3o #marcoantonioguerreiroferreira #fishing #pescaria\" width=\"500\" height=\"281\" src=\"https:\/\/www.youtube.com\/embed\/OSK-0amqrsI?feature=oembed\" frameborder=\"0\" allow=\"accelerometer; autoplay; clipboard-write; encrypted-media; gyroscope; picture-in-picture; web-share\" referrerpolicy=\"strict-origin-when-cross-origin\" allowfullscreen><\/iframe>\n<\/div><\/figure>\n","protected":false},"excerpt":{"rendered":"<p>Ol\u00e1, pessoal! Desisto de remar contra a mar\u00e9. Quando comecei a postar v\u00eddeos shorts, apesar de n\u00e3o gostar do formato 9:16, fiz para tentar dar um impulso nas visualiza\u00e7\u00f5es e curtidas no meu canal aqui no You Tube, seguindo o modismo. Para o meu gosto, esse formato n\u00e3o serve para cenas de a\u00e7\u00e3o, natureza e [&hellip;]<\/p>\n","protected":false},"author":5,"featured_media":0,"comment_status":"closed","ping_status":"closed","sticky":false,"template":"","format":"standard","meta":{"sfsi_plus_gutenberg_text_before_share":"","sfsi_plus_gutenberg_show_text_before_share":"","sfsi_plus_gutenberg_icon_type":"","sfsi_plus_gutenberg_icon_alignemt":"","sfsi_plus_gutenburg_max_per_row":"","footnotes":""},"categories":[385],"tags":[199,10,178,386,7,102],"class_list":["post-2928","post","type-post","status-publish","format-standard","hentry","category-minuto-da-pesca","tag-barra-do-cunhau","tag-camurim","tag-marcao","tag-minuto-da-pesca","tag-nordeste","tag-robalo"],"_links":{"self":[{"href":"https:\/\/www.pescanordeste.com.br\/revista\/wp-json\/wp\/v2\/posts\/2928","targetHints":{"allow":["GET"]}}],"collection":[{"href":"https:\/\/www.pescanordeste.com.br\/revista\/wp-json\/wp\/v2\/posts"}],"about":[{"href":"https:\/\/www.pescanordeste.com.br\/revista\/wp-json\/wp\/v2\/types\/post"}],"author":[{"embeddable":true,"href":"https:\/\/www.pescanordeste.com.br\/revista\/wp-json\/wp\/v2\/users\/5"}],"replies":[{"embeddable":true,"href":"https:\/\/www.pescanordeste.com.br\/revista\/wp-json\/wp\/v2\/comments?post=2928"}],"version-history":[{"count":1,"href":"https:\/\/www.pescanordeste.com.br\/revista\/wp-json\/wp\/v2\/posts\/2928\/revisions"}],"predecessor-version":[{"id":2929,"href":"https:\/\/www.pescanordeste.com.br\/revista\/wp-json\/wp\/v2\/posts\/2928\/revisions\/2929"}],"wp:attachment":[{"href":"https:\/\/www.pescanordeste.com.br\/revista\/wp-json\/wp\/v2\/media?parent=2928"}],"wp:term":[{"taxonomy":"category","embeddable":true,"href":"https:\/\/www.pescanordeste.com.br\/revista\/wp-json\/wp\/v2\/categories?post=2928"},{"taxonomy":"post_tag","embeddable":true,"href":"https:\/\/www.pescanordeste.com.br\/revista\/wp-json\/wp\/v2\/tags?post=2928"}],"curies":[{"name":"wp","href":"https:\/\/api.w.org\/{rel}","templated":true}]}}