{"id":2911,"date":"2024-02-15T09:37:12","date_gmt":"2024-02-15T12:37:12","guid":{"rendered":"https:\/\/www.pescanordeste.com.br\/revista\/?p=2911"},"modified":"2024-02-15T17:40:48","modified_gmt":"2024-02-15T20:40:48","slug":"museu-da-pesca-252-a-vez-dos-robaloes-03","status":"publish","type":"post","link":"https:\/\/www.pescanordeste.com.br\/revista\/museu-da-pesca-252-a-vez-dos-robaloes-03\/","title":{"rendered":"Museu da Pesca 252 &#8211; A vez dos robal\u00f5es 03"},"content":{"rendered":"\n<p>Come\u00e7amos essa postagem com a retrospectiva do Museu da Pesca anterior, n\u00famero 251, lembrando aos amigos a goza\u00e7\u00e3o do Osvaldo com seu filho, o Fabinho. Vejam o que aconteceu&#8230;<\/p>\n\n\n\n<figure class=\"wp-block-embed is-type-video is-provider-youtube wp-block-embed-youtube wp-embed-aspect-16-9 wp-has-aspect-ratio\"><div class=\"wp-block-embed__wrapper\">\n<iframe loading=\"lazy\" title=\"O homem do jumping jig 03\" width=\"500\" height=\"281\" src=\"https:\/\/www.youtube.com\/embed\/-asOLseVIIY?feature=oembed\" frameborder=\"0\" allow=\"accelerometer; autoplay; clipboard-write; encrypted-media; gyroscope; picture-in-picture; web-share\" referrerpolicy=\"strict-origin-when-cross-origin\" allowfullscreen><\/iframe>\n<\/div><\/figure>\n","protected":false},"excerpt":{"rendered":"<p>Come\u00e7amos essa postagem com a retrospectiva do Museu da Pesca anterior, n\u00famero 251, lembrando aos amigos a goza\u00e7\u00e3o do Osvaldo com seu filho, o Fabinho. Vejam o que aconteceu&#8230;<\/p>\n","protected":false},"author":5,"featured_media":0,"comment_status":"closed","ping_status":"closed","sticky":false,"template":"","format":"standard","meta":{"sfsi_plus_gutenberg_text_before_share":"","sfsi_plus_gutenberg_show_text_before_share":"","sfsi_plus_gutenberg_icon_type":"","sfsi_plus_gutenberg_icon_alignemt":"","sfsi_plus_gutenburg_max_per_row":"","footnotes":""},"categories":[166],"tags":[199,10,9,177,178,167,7,30,4,327,102,37],"class_list":["post-2911","post","type-post","status-publish","format-standard","hentry","category-museu-da-pesca","tag-barra-do-cunhau","tag-camurim","tag-camurupim","tag-cunhau","tag-marcao","tag-museu-da-pesca","tag-nordeste","tag-pesca","tag-pescaria","tag-rio-cunhau","tag-robalo","tag-tarpon"],"_links":{"self":[{"href":"https:\/\/www.pescanordeste.com.br\/revista\/wp-json\/wp\/v2\/posts\/2911","targetHints":{"allow":["GET"]}}],"collection":[{"href":"https:\/\/www.pescanordeste.com.br\/revista\/wp-json\/wp\/v2\/posts"}],"about":[{"href":"https:\/\/www.pescanordeste.com.br\/revista\/wp-json\/wp\/v2\/types\/post"}],"author":[{"embeddable":true,"href":"https:\/\/www.pescanordeste.com.br\/revista\/wp-json\/wp\/v2\/users\/5"}],"replies":[{"embeddable":true,"href":"https:\/\/www.pescanordeste.com.br\/revista\/wp-json\/wp\/v2\/comments?post=2911"}],"version-history":[{"count":1,"href":"https:\/\/www.pescanordeste.com.br\/revista\/wp-json\/wp\/v2\/posts\/2911\/revisions"}],"predecessor-version":[{"id":2912,"href":"https:\/\/www.pescanordeste.com.br\/revista\/wp-json\/wp\/v2\/posts\/2911\/revisions\/2912"}],"wp:attachment":[{"href":"https:\/\/www.pescanordeste.com.br\/revista\/wp-json\/wp\/v2\/media?parent=2911"}],"wp:term":[{"taxonomy":"category","embeddable":true,"href":"https:\/\/www.pescanordeste.com.br\/revista\/wp-json\/wp\/v2\/categories?post=2911"},{"taxonomy":"post_tag","embeddable":true,"href":"https:\/\/www.pescanordeste.com.br\/revista\/wp-json\/wp\/v2\/tags?post=2911"}],"curies":[{"name":"wp","href":"https:\/\/api.w.org\/{rel}","templated":true}]}}