{"id":2869,"date":"2024-01-26T10:32:28","date_gmt":"2024-01-26T13:32:28","guid":{"rendered":"https:\/\/www.pescanordeste.com.br\/revista\/?p=2869"},"modified":"2024-01-26T10:51:58","modified_gmt":"2024-01-26T13:51:58","slug":"museu-da-pesca-231-programa-pesca-alternativa","status":"publish","type":"post","link":"https:\/\/www.pescanordeste.com.br\/revista\/museu-da-pesca-231-programa-pesca-alternativa\/","title":{"rendered":"Museu da Pesca 231 &#8211; Programa Pesca Alternativa"},"content":{"rendered":"\n<p>Bem, pessoal, hoje queremos prestar uma homenagem ao nosso amigo Marc\u00e3o (Marcos Concei\u00e7\u00e3o), que infelizmente n\u00e3o est\u00e1 mais entre n\u00f3s, e com quem tive o prazer de conviver e trabalhar. Para deixar claro, essas imagens s\u00e3o do programa \u201cPesca Alternativa\u201d, gravadas pelo competente Zacharias, a quem mando meu abra\u00e7o. N\u00e3o me lembro da data desse programa.<\/p>\n\n\n\n<p>Que Deus o tenha, Marc\u00e3o.<\/p>\n\n\n\n<figure class=\"wp-block-embed is-type-video is-provider-youtube wp-block-embed-youtube wp-embed-aspect-16-9 wp-has-aspect-ratio\"><div class=\"wp-block-embed__wrapper\">\n<iframe loading=\"lazy\" title=\"Homenagem ao Marc\u00e3o Marcos Concei\u00e7\u00e3o\" width=\"500\" height=\"281\" src=\"https:\/\/www.youtube.com\/embed\/nKO-qSOdgBw?feature=oembed\" frameborder=\"0\" allow=\"accelerometer; autoplay; clipboard-write; encrypted-media; gyroscope; picture-in-picture; web-share\" referrerpolicy=\"strict-origin-when-cross-origin\" allowfullscreen><\/iframe>\n<\/div><\/figure>\n","protected":false},"excerpt":{"rendered":"<p>Bem, pessoal, hoje queremos prestar uma homenagem ao nosso amigo Marc\u00e3o (Marcos Concei\u00e7\u00e3o), que infelizmente n\u00e3o est\u00e1 mais entre n\u00f3s, e com quem tive o prazer de conviver e trabalhar. Para deixar claro, essas imagens s\u00e3o do programa \u201cPesca Alternativa\u201d, gravadas pelo competente Zacharias, a quem mando meu abra\u00e7o. N\u00e3o me lembro da data desse [&hellip;]<\/p>\n","protected":false},"author":5,"featured_media":0,"comment_status":"closed","ping_status":"closed","sticky":false,"template":"","format":"standard","meta":{"sfsi_plus_gutenberg_text_before_share":"","sfsi_plus_gutenberg_show_text_before_share":"","sfsi_plus_gutenberg_icon_type":"","sfsi_plus_gutenberg_icon_alignemt":"","sfsi_plus_gutenburg_max_per_row":"","footnotes":""},"categories":[166],"tags":[199,177,178,167,7,30,4,327],"class_list":["post-2869","post","type-post","status-publish","format-standard","hentry","category-museu-da-pesca","tag-barra-do-cunhau","tag-cunhau","tag-marcao","tag-museu-da-pesca","tag-nordeste","tag-pesca","tag-pescaria","tag-rio-cunhau"],"_links":{"self":[{"href":"https:\/\/www.pescanordeste.com.br\/revista\/wp-json\/wp\/v2\/posts\/2869","targetHints":{"allow":["GET"]}}],"collection":[{"href":"https:\/\/www.pescanordeste.com.br\/revista\/wp-json\/wp\/v2\/posts"}],"about":[{"href":"https:\/\/www.pescanordeste.com.br\/revista\/wp-json\/wp\/v2\/types\/post"}],"author":[{"embeddable":true,"href":"https:\/\/www.pescanordeste.com.br\/revista\/wp-json\/wp\/v2\/users\/5"}],"replies":[{"embeddable":true,"href":"https:\/\/www.pescanordeste.com.br\/revista\/wp-json\/wp\/v2\/comments?post=2869"}],"version-history":[{"count":1,"href":"https:\/\/www.pescanordeste.com.br\/revista\/wp-json\/wp\/v2\/posts\/2869\/revisions"}],"predecessor-version":[{"id":2870,"href":"https:\/\/www.pescanordeste.com.br\/revista\/wp-json\/wp\/v2\/posts\/2869\/revisions\/2870"}],"wp:attachment":[{"href":"https:\/\/www.pescanordeste.com.br\/revista\/wp-json\/wp\/v2\/media?parent=2869"}],"wp:term":[{"taxonomy":"category","embeddable":true,"href":"https:\/\/www.pescanordeste.com.br\/revista\/wp-json\/wp\/v2\/categories?post=2869"},{"taxonomy":"post_tag","embeddable":true,"href":"https:\/\/www.pescanordeste.com.br\/revista\/wp-json\/wp\/v2\/tags?post=2869"}],"curies":[{"name":"wp","href":"https:\/\/api.w.org\/{rel}","templated":true}]}}