{"id":2863,"date":"2024-01-23T10:38:56","date_gmt":"2024-01-23T13:38:56","guid":{"rendered":"https:\/\/www.pescanordeste.com.br\/revista\/?p=2863"},"modified":"2024-01-23T15:17:39","modified_gmt":"2024-01-23T18:17:39","slug":"museu-da-pesca-228-mero-e-corrico","status":"publish","type":"post","link":"https:\/\/www.pescanordeste.com.br\/revista\/museu-da-pesca-228-mero-e-corrico\/","title":{"rendered":"Museu da Pesca 228 &#8211; Mero e corrico"},"content":{"rendered":"\n<p>Entre as v\u00e1rias esp\u00e9cies de peixes, o mero era pescado acidentalmente, pois era proibida sua pesca, mas como ataca bem iscas de fundo, como JJ e camar\u00e3o com jighead, al\u00e9m de iscas soft, eram frequentemente capturados, quando est\u00e1vamos tentando robalos e pescadas. Restava torcer para que o pescador tivesse bom senso em devolve-los \u00e0s \u00e1guas. Essa \u00e9 a pescaria inicial desse bloco.<\/p>\n\n\n\n<p>Na sequ\u00eancia uma pescaria de corrico, que n\u00e3o \u00e9 uma de nossas preferencias. Corrico s\u00f3 quando j\u00e1 estamos apelando, sem a\u00e7\u00e3o nas outras modalidades. Acredito que boa parte dos pescadores iniciaram pescando no corrico, principalmente aqueles que se aventuravam nos caminhos do Pantanal em busca dos dourados.<\/p>\n\n\n\n<figure class=\"wp-block-embed is-type-video is-provider-youtube wp-block-embed-youtube wp-embed-aspect-16-9 wp-has-aspect-ratio\"><div class=\"wp-block-embed__wrapper\">\n<iframe loading=\"lazy\" title=\"RN Pesca   Mero e corrico\" width=\"500\" height=\"281\" src=\"https:\/\/www.youtube.com\/embed\/IJfOiggn_UA?feature=oembed\" frameborder=\"0\" allow=\"accelerometer; autoplay; clipboard-write; encrypted-media; gyroscope; picture-in-picture; web-share\" referrerpolicy=\"strict-origin-when-cross-origin\" allowfullscreen><\/iframe>\n<\/div><\/figure>\n","protected":false},"excerpt":{"rendered":"<p>Entre as v\u00e1rias esp\u00e9cies de peixes, o mero era pescado acidentalmente, pois era proibida sua pesca, mas como ataca bem iscas de fundo, como JJ e camar\u00e3o com jighead, al\u00e9m de iscas soft, eram frequentemente capturados, quando est\u00e1vamos tentando robalos e pescadas. Restava torcer para que o pescador tivesse bom senso em devolve-los \u00e0s \u00e1guas. [&hellip;]<\/p>\n","protected":false},"author":5,"featured_media":0,"comment_status":"closed","ping_status":"closed","sticky":false,"template":"","format":"standard","meta":{"sfsi_plus_gutenberg_text_before_share":"","sfsi_plus_gutenberg_show_text_before_share":"","sfsi_plus_gutenberg_icon_type":"","sfsi_plus_gutenberg_icon_alignemt":"","sfsi_plus_gutenburg_max_per_row":"","footnotes":""},"categories":[166],"tags":[199,379,177,178,378,167,30,4,327],"class_list":["post-2863","post","type-post","status-publish","format-standard","hentry","category-museu-da-pesca","tag-barra-do-cunhau","tag-corrico","tag-cunhau","tag-marcao","tag-mero","tag-museu-da-pesca","tag-pesca","tag-pescaria","tag-rio-cunhau"],"_links":{"self":[{"href":"https:\/\/www.pescanordeste.com.br\/revista\/wp-json\/wp\/v2\/posts\/2863","targetHints":{"allow":["GET"]}}],"collection":[{"href":"https:\/\/www.pescanordeste.com.br\/revista\/wp-json\/wp\/v2\/posts"}],"about":[{"href":"https:\/\/www.pescanordeste.com.br\/revista\/wp-json\/wp\/v2\/types\/post"}],"author":[{"embeddable":true,"href":"https:\/\/www.pescanordeste.com.br\/revista\/wp-json\/wp\/v2\/users\/5"}],"replies":[{"embeddable":true,"href":"https:\/\/www.pescanordeste.com.br\/revista\/wp-json\/wp\/v2\/comments?post=2863"}],"version-history":[{"count":1,"href":"https:\/\/www.pescanordeste.com.br\/revista\/wp-json\/wp\/v2\/posts\/2863\/revisions"}],"predecessor-version":[{"id":2864,"href":"https:\/\/www.pescanordeste.com.br\/revista\/wp-json\/wp\/v2\/posts\/2863\/revisions\/2864"}],"wp:attachment":[{"href":"https:\/\/www.pescanordeste.com.br\/revista\/wp-json\/wp\/v2\/media?parent=2863"}],"wp:term":[{"taxonomy":"category","embeddable":true,"href":"https:\/\/www.pescanordeste.com.br\/revista\/wp-json\/wp\/v2\/categories?post=2863"},{"taxonomy":"post_tag","embeddable":true,"href":"https:\/\/www.pescanordeste.com.br\/revista\/wp-json\/wp\/v2\/tags?post=2863"}],"curies":[{"name":"wp","href":"https:\/\/api.w.org\/{rel}","templated":true}]}}