{"id":2842,"date":"2023-10-03T09:56:25","date_gmt":"2023-10-03T12:56:25","guid":{"rendered":"https:\/\/www.pescanordeste.com.br\/revista\/?p=2842"},"modified":"2024-01-08T09:56:48","modified_gmt":"2024-01-08T12:56:48","slug":"museu-da-pesca-149-trutas-na-bocaina-01","status":"publish","type":"post","link":"https:\/\/www.pescanordeste.com.br\/revista\/museu-da-pesca-149-trutas-na-bocaina-01\/","title":{"rendered":"Museu da Pesca 149 &#8211; Trutas na Bocaina 01"},"content":{"rendered":"\n<p>J\u00e1 contei como em 1993 fizemos uma pescaria de trutas em Passa Quatro, para teste de um piloto do programa \u201cPesca &amp; lazer\u201d, na TV Manchete. Passados 6 anos, estamos agora em 1999 gravando novamente uma pescaria de trutas para o programa \u201cCaminhos da Pesca\u201d, na TV Record. Nossa equipe era formada pelo Ian de Sulocki, o Claudio de Oliveira, e eu, e o local era a Fazenda Acqua, considerada a maior cria\u00e7\u00e3o de trutas na Am\u00e9rica do Sul, localizada na Serra da Bocaina, Naquele tempo possu\u00eda lagos imensos onde era permitida a pesca no sistema \u201cpesque e pague\u201d. Hoje em dia (2023) n\u00e3o sei se ainda funciona. Vamos ver como era.<\/p>\n\n\n\n<figure class=\"wp-block-embed is-type-video is-provider-youtube wp-block-embed-youtube wp-embed-aspect-16-9 wp-has-aspect-ratio\"><div class=\"wp-block-embed__wrapper\">\n<iframe loading=\"lazy\" title=\"Trutas na Bocaina 01\" width=\"500\" height=\"281\" src=\"https:\/\/www.youtube.com\/embed\/FJLchMUh4XI?feature=oembed\" frameborder=\"0\" allow=\"accelerometer; autoplay; clipboard-write; encrypted-media; gyroscope; picture-in-picture; web-share\" referrerpolicy=\"strict-origin-when-cross-origin\" allowfullscreen><\/iframe>\n<\/div><\/figure>\n","protected":false},"excerpt":{"rendered":"<p>J\u00e1 contei como em 1993 fizemos uma pescaria de trutas em Passa Quatro, para teste de um piloto do programa \u201cPesca &amp; lazer\u201d, na TV Manchete. Passados 6 anos, estamos agora em 1999 gravando novamente uma pescaria de trutas para o programa \u201cCaminhos da Pesca\u201d, na TV Record. Nossa equipe era formada pelo Ian de [&hellip;]<\/p>\n","protected":false},"author":5,"featured_media":0,"comment_status":"closed","ping_status":"closed","sticky":false,"template":"","format":"standard","meta":{"sfsi_plus_gutenberg_text_before_share":"","sfsi_plus_gutenberg_show_text_before_share":"","sfsi_plus_gutenberg_icon_type":"","sfsi_plus_gutenberg_icon_alignemt":"","sfsi_plus_gutenburg_max_per_row":"","footnotes":""},"categories":[166],"tags":[372,178,167,30,4,213],"class_list":["post-2842","post","type-post","status-publish","format-standard","hentry","category-museu-da-pesca","tag-bocaina","tag-marcao","tag-museu-da-pesca","tag-pesca","tag-pescaria","tag-truta"],"_links":{"self":[{"href":"https:\/\/www.pescanordeste.com.br\/revista\/wp-json\/wp\/v2\/posts\/2842","targetHints":{"allow":["GET"]}}],"collection":[{"href":"https:\/\/www.pescanordeste.com.br\/revista\/wp-json\/wp\/v2\/posts"}],"about":[{"href":"https:\/\/www.pescanordeste.com.br\/revista\/wp-json\/wp\/v2\/types\/post"}],"author":[{"embeddable":true,"href":"https:\/\/www.pescanordeste.com.br\/revista\/wp-json\/wp\/v2\/users\/5"}],"replies":[{"embeddable":true,"href":"https:\/\/www.pescanordeste.com.br\/revista\/wp-json\/wp\/v2\/comments?post=2842"}],"version-history":[{"count":1,"href":"https:\/\/www.pescanordeste.com.br\/revista\/wp-json\/wp\/v2\/posts\/2842\/revisions"}],"predecessor-version":[{"id":2843,"href":"https:\/\/www.pescanordeste.com.br\/revista\/wp-json\/wp\/v2\/posts\/2842\/revisions\/2843"}],"wp:attachment":[{"href":"https:\/\/www.pescanordeste.com.br\/revista\/wp-json\/wp\/v2\/media?parent=2842"}],"wp:term":[{"taxonomy":"category","embeddable":true,"href":"https:\/\/www.pescanordeste.com.br\/revista\/wp-json\/wp\/v2\/categories?post=2842"},{"taxonomy":"post_tag","embeddable":true,"href":"https:\/\/www.pescanordeste.com.br\/revista\/wp-json\/wp\/v2\/tags?post=2842"}],"curies":[{"name":"wp","href":"https:\/\/api.w.org\/{rel}","templated":true}]}}