{"id":2836,"date":"2023-10-06T09:47:46","date_gmt":"2023-10-06T12:47:46","guid":{"rendered":"https:\/\/www.pescanordeste.com.br\/revista\/?p=2836"},"modified":"2024-01-08T09:49:06","modified_gmt":"2024-01-08T12:49:06","slug":"museu-da-pesca-152-memorias-da-pesca-programa-pesca-lazer","status":"publish","type":"post","link":"https:\/\/www.pescanordeste.com.br\/revista\/museu-da-pesca-152-memorias-da-pesca-programa-pesca-lazer\/","title":{"rendered":"Museu da Pesca 152 &#8211; Mem\u00f3rias da Pesca &#8211; Programa Pesca &#038; Lazer"},"content":{"rendered":"\n<p>Antes de continuar, apenas para registro, devo dizer que quem denominou os programas \u201cPesca &amp; Lazer\u201d e \u201cCaminhos da Pesca\u201d fui eu, sugest\u00e3o aceita pelos respons\u00e1veis dos programas. O \u201cCaminhos da Pesca\u201d soube pelo Mateus Zillig que deu um certo problema, pois havia um programa com nome igual em Minas Gerais. Eu n\u00e3o sabia, nem sei tamb\u00e9m como ele resolveu. Quando resolvi fazer essa s\u00e9rie, inspirado no Museu da Pesca de Minas Gerais, do amigo JAugusto, a ideia era dar informa\u00e7\u00f5es sobre os bastidores dos acontecimentos, deixar a mem\u00f3ria preservada. Por isso coloco n\u00e3o s\u00f3 cenas de pescarias, mas coisas que aconteceram durante a caminhada, \u00e0s vezes sem interesse para quem n\u00e3o participou. Hoje vou colocar uma reuni\u00e3o que fizemos na \u201cLigue e Pesque\u201d para gravar um piloto apenas para consumo pr\u00f3prio, para debatermos como poderia ser feito o programa \u201cPesca &amp; Lazer\u201d, criado pela \u201cCasa de Pesca Pinheiros\u201d. Tanto \u00e9 que nem o Ismar nem o Morgado participaram depois do programa, assim como toda estrutura na hora da verdade foi profissional, com participa\u00e7\u00e3o t\u00e9cnica do \u201cstaff\u201d da Bandeirantes para edi\u00e7\u00e3o e apresenta\u00e7\u00e3o. Mas fica o registro daqueles tempos. J\u00e1 t\u00ednhamos feito coisa semelhante nas grava\u00e7\u00f5es de trutas em Passa Quatro, mas o aprendizado real aconteceu nos est\u00fadios da Bandeirantes. Como informa\u00e7\u00e3o final, o programa era produzido na TV Bandeirantes mas veiculado na TV Manchete.<\/p>\n\n\n\n<figure class=\"wp-block-embed is-type-video is-provider-youtube wp-block-embed-youtube wp-embed-aspect-16-9 wp-has-aspect-ratio\"><div class=\"wp-block-embed__wrapper\">\n<iframe loading=\"lazy\" title=\"Mem\u00f3rias da Pesca   Pesca &amp; Lazer\" width=\"500\" height=\"281\" src=\"https:\/\/www.youtube.com\/embed\/v4uQomQHF1U?feature=oembed\" frameborder=\"0\" allow=\"accelerometer; autoplay; clipboard-write; encrypted-media; gyroscope; picture-in-picture; web-share\" referrerpolicy=\"strict-origin-when-cross-origin\" allowfullscreen><\/iframe>\n<\/div><\/figure>\n","protected":false},"excerpt":{"rendered":"<p>Antes de continuar, apenas para registro, devo dizer que quem denominou os programas \u201cPesca &amp; Lazer\u201d e \u201cCaminhos da Pesca\u201d fui eu, sugest\u00e3o aceita pelos respons\u00e1veis dos programas. O \u201cCaminhos da Pesca\u201d soube pelo Mateus Zillig que deu um certo problema, pois havia um programa com nome igual em Minas Gerais. Eu n\u00e3o sabia, nem [&hellip;]<\/p>\n","protected":false},"author":5,"featured_media":0,"comment_status":"closed","ping_status":"closed","sticky":false,"template":"","format":"standard","meta":{"sfsi_plus_gutenberg_text_before_share":"","sfsi_plus_gutenberg_show_text_before_share":"","sfsi_plus_gutenberg_icon_type":"","sfsi_plus_gutenberg_icon_alignemt":"","sfsi_plus_gutenburg_max_per_row":"","footnotes":""},"categories":[166],"tags":[178,167,30,263,4],"class_list":["post-2836","post","type-post","status-publish","format-standard","hentry","category-museu-da-pesca","tag-marcao","tag-museu-da-pesca","tag-pesca","tag-pesca-lazer","tag-pescaria"],"_links":{"self":[{"href":"https:\/\/www.pescanordeste.com.br\/revista\/wp-json\/wp\/v2\/posts\/2836","targetHints":{"allow":["GET"]}}],"collection":[{"href":"https:\/\/www.pescanordeste.com.br\/revista\/wp-json\/wp\/v2\/posts"}],"about":[{"href":"https:\/\/www.pescanordeste.com.br\/revista\/wp-json\/wp\/v2\/types\/post"}],"author":[{"embeddable":true,"href":"https:\/\/www.pescanordeste.com.br\/revista\/wp-json\/wp\/v2\/users\/5"}],"replies":[{"embeddable":true,"href":"https:\/\/www.pescanordeste.com.br\/revista\/wp-json\/wp\/v2\/comments?post=2836"}],"version-history":[{"count":1,"href":"https:\/\/www.pescanordeste.com.br\/revista\/wp-json\/wp\/v2\/posts\/2836\/revisions"}],"predecessor-version":[{"id":2837,"href":"https:\/\/www.pescanordeste.com.br\/revista\/wp-json\/wp\/v2\/posts\/2836\/revisions\/2837"}],"wp:attachment":[{"href":"https:\/\/www.pescanordeste.com.br\/revista\/wp-json\/wp\/v2\/media?parent=2836"}],"wp:term":[{"taxonomy":"category","embeddable":true,"href":"https:\/\/www.pescanordeste.com.br\/revista\/wp-json\/wp\/v2\/categories?post=2836"},{"taxonomy":"post_tag","embeddable":true,"href":"https:\/\/www.pescanordeste.com.br\/revista\/wp-json\/wp\/v2\/tags?post=2836"}],"curies":[{"name":"wp","href":"https:\/\/api.w.org\/{rel}","templated":true}]}}