{"id":2830,"date":"2023-10-09T09:41:51","date_gmt":"2023-10-09T12:41:51","guid":{"rendered":"https:\/\/www.pescanordeste.com.br\/revista\/?p=2830"},"modified":"2024-01-08T09:42:28","modified_gmt":"2024-01-08T12:42:28","slug":"museu-da-pesca-155-caminhos-da-pesca-lula","status":"publish","type":"post","link":"https:\/\/www.pescanordeste.com.br\/revista\/museu-da-pesca-155-caminhos-da-pesca-lula\/","title":{"rendered":"Museu da Pesca 155 &#8211; Caminhos da Pesca &#8211; Lula"},"content":{"rendered":"\n<p>Quico foi um grande companheiro de pesca, inesquec\u00edvel! Para mim, tive ainda o privil\u00e9gio de inclu\u00ed-lo no rol dos amigos. Vi essa semana (m\u00eas de outubro 2023) uma postagem do Padilh\u00ea mostrando alguns bon\u00e9s da velha guarda no Face Book, e o primeiro foi do Quico. Bateu saudade e resolvi postar hoje uma pescaria de lulas (o cefal\u00f3pode, n\u00e3o o presidente), onde o Quico participou. Infelizmente, n\u00e3o fui eu o cinegrafista. Essas s\u00e3o cenas do programa \u201cCaminhos da Pesca\u201d, e como presente ainda aparecem imagens dos saudosos amigos Carlet e Miro, esse \u00faltimo grande fot\u00f3grafo que me deu o prazer de fazer alguns trabalhos juntos. Quanto ao Carlet, dispensa apresenta\u00e7\u00f5es. De resto, n\u00e3o tenho mais nada a dizer, apenas curtir as imagens de velhos amigos e de velhos e bons tempos. E desculpem n\u00e3o ter conseguido tirar o \u201ctime code\u201d&#8230;<\/p>\n\n\n\n<figure class=\"wp-block-embed is-type-video is-provider-youtube wp-block-embed-youtube wp-embed-aspect-16-9 wp-has-aspect-ratio\"><div class=\"wp-block-embed__wrapper\">\n<iframe loading=\"lazy\" title=\"Caminhos da Pesca   Lula\" width=\"500\" height=\"281\" src=\"https:\/\/www.youtube.com\/embed\/p9PWOXOxhx4?feature=oembed\" frameborder=\"0\" allow=\"accelerometer; autoplay; clipboard-write; encrypted-media; gyroscope; picture-in-picture; web-share\" referrerpolicy=\"strict-origin-when-cross-origin\" allowfullscreen><\/iframe>\n<\/div><\/figure>\n","protected":false},"excerpt":{"rendered":"<p>Quico foi um grande companheiro de pesca, inesquec\u00edvel! Para mim, tive ainda o privil\u00e9gio de inclu\u00ed-lo no rol dos amigos. Vi essa semana (m\u00eas de outubro 2023) uma postagem do Padilh\u00ea mostrando alguns bon\u00e9s da velha guarda no Face Book, e o primeiro foi do Quico. Bateu saudade e resolvi postar hoje uma pescaria de [&hellip;]<\/p>\n","protected":false},"author":5,"featured_media":0,"comment_status":"closed","ping_status":"closed","sticky":false,"template":"","format":"standard","meta":{"sfsi_plus_gutenberg_text_before_share":"","sfsi_plus_gutenberg_show_text_before_share":"","sfsi_plus_gutenberg_icon_type":"","sfsi_plus_gutenberg_icon_alignemt":"","sfsi_plus_gutenburg_max_per_row":"","footnotes":""},"categories":[166],"tags":[188,178,167,30,4],"class_list":["post-2830","post","type-post","status-publish","format-standard","hentry","category-museu-da-pesca","tag-caminhos-da-pesca","tag-marcao","tag-museu-da-pesca","tag-pesca","tag-pescaria"],"_links":{"self":[{"href":"https:\/\/www.pescanordeste.com.br\/revista\/wp-json\/wp\/v2\/posts\/2830","targetHints":{"allow":["GET"]}}],"collection":[{"href":"https:\/\/www.pescanordeste.com.br\/revista\/wp-json\/wp\/v2\/posts"}],"about":[{"href":"https:\/\/www.pescanordeste.com.br\/revista\/wp-json\/wp\/v2\/types\/post"}],"author":[{"embeddable":true,"href":"https:\/\/www.pescanordeste.com.br\/revista\/wp-json\/wp\/v2\/users\/5"}],"replies":[{"embeddable":true,"href":"https:\/\/www.pescanordeste.com.br\/revista\/wp-json\/wp\/v2\/comments?post=2830"}],"version-history":[{"count":1,"href":"https:\/\/www.pescanordeste.com.br\/revista\/wp-json\/wp\/v2\/posts\/2830\/revisions"}],"predecessor-version":[{"id":2831,"href":"https:\/\/www.pescanordeste.com.br\/revista\/wp-json\/wp\/v2\/posts\/2830\/revisions\/2831"}],"wp:attachment":[{"href":"https:\/\/www.pescanordeste.com.br\/revista\/wp-json\/wp\/v2\/media?parent=2830"}],"wp:term":[{"taxonomy":"category","embeddable":true,"href":"https:\/\/www.pescanordeste.com.br\/revista\/wp-json\/wp\/v2\/categories?post=2830"},{"taxonomy":"post_tag","embeddable":true,"href":"https:\/\/www.pescanordeste.com.br\/revista\/wp-json\/wp\/v2\/tags?post=2830"}],"curies":[{"name":"wp","href":"https:\/\/api.w.org\/{rel}","templated":true}]}}