{"id":2814,"date":"2023-10-17T09:19:02","date_gmt":"2023-10-17T12:19:02","guid":{"rendered":"https:\/\/www.pescanordeste.com.br\/revista\/?p=2814"},"modified":"2024-01-08T09:19:21","modified_gmt":"2024-01-08T12:19:21","slug":"museu-da-pesca-163-uma-aventura-no-iriri-03","status":"publish","type":"post","link":"https:\/\/www.pescanordeste.com.br\/revista\/museu-da-pesca-163-uma-aventura-no-iriri-03\/","title":{"rendered":"Museu da Pesca 163 &#8211; Uma aventura no Iriri 03"},"content":{"rendered":"\n<p>E a aventura continua nesse para\u00edso perdido, conhecendo e se integrando \u00e0 fauna e a flora local, sem perder a identidade da \u201cTurma do Chegado\u201d, claro! Infelizmente nosso amigo Zanon n\u00e3o est\u00e1 mais entre n\u00f3s, mas jamais deixar\u00e1 de fazer parte desse grupo.<\/p>\n\n\n\n<figure class=\"wp-block-embed is-type-video is-provider-youtube wp-block-embed-youtube wp-embed-aspect-16-9 wp-has-aspect-ratio\"><div class=\"wp-block-embed__wrapper\">\n<iframe loading=\"lazy\" title=\"Uma aventura no Iriri 03\" width=\"500\" height=\"281\" src=\"https:\/\/www.youtube.com\/embed\/2gjEDM3g17c?feature=oembed\" frameborder=\"0\" allow=\"accelerometer; autoplay; clipboard-write; encrypted-media; gyroscope; picture-in-picture; web-share\" referrerpolicy=\"strict-origin-when-cross-origin\" allowfullscreen><\/iframe>\n<\/div><\/figure>\n","protected":false},"excerpt":{"rendered":"<p>E a aventura continua nesse para\u00edso perdido, conhecendo e se integrando \u00e0 fauna e a flora local, sem perder a identidade da \u201cTurma do Chegado\u201d, claro! Infelizmente nosso amigo Zanon n\u00e3o est\u00e1 mais entre n\u00f3s, mas jamais deixar\u00e1 de fazer parte desse grupo.<\/p>\n","protected":false},"author":5,"featured_media":0,"comment_status":"closed","ping_status":"closed","sticky":false,"template":"","format":"standard","meta":{"sfsi_plus_gutenberg_text_before_share":"","sfsi_plus_gutenberg_show_text_before_share":"","sfsi_plus_gutenberg_icon_type":"","sfsi_plus_gutenberg_icon_alignemt":"","sfsi_plus_gutenburg_max_per_row":"","footnotes":""},"categories":[166],"tags":[196,210,178,167,30,4,353,271,206],"class_list":["post-2814","post","type-post","status-publish","format-standard","hentry","category-museu-da-pesca","tag-amazonas","tag-amazonia","tag-marcao","tag-museu-da-pesca","tag-pesca","tag-pescaria","tag-rio-iriri","tag-turma-do-chegado","tag-turma-dos-chegados"],"_links":{"self":[{"href":"https:\/\/www.pescanordeste.com.br\/revista\/wp-json\/wp\/v2\/posts\/2814","targetHints":{"allow":["GET"]}}],"collection":[{"href":"https:\/\/www.pescanordeste.com.br\/revista\/wp-json\/wp\/v2\/posts"}],"about":[{"href":"https:\/\/www.pescanordeste.com.br\/revista\/wp-json\/wp\/v2\/types\/post"}],"author":[{"embeddable":true,"href":"https:\/\/www.pescanordeste.com.br\/revista\/wp-json\/wp\/v2\/users\/5"}],"replies":[{"embeddable":true,"href":"https:\/\/www.pescanordeste.com.br\/revista\/wp-json\/wp\/v2\/comments?post=2814"}],"version-history":[{"count":1,"href":"https:\/\/www.pescanordeste.com.br\/revista\/wp-json\/wp\/v2\/posts\/2814\/revisions"}],"predecessor-version":[{"id":2815,"href":"https:\/\/www.pescanordeste.com.br\/revista\/wp-json\/wp\/v2\/posts\/2814\/revisions\/2815"}],"wp:attachment":[{"href":"https:\/\/www.pescanordeste.com.br\/revista\/wp-json\/wp\/v2\/media?parent=2814"}],"wp:term":[{"taxonomy":"category","embeddable":true,"href":"https:\/\/www.pescanordeste.com.br\/revista\/wp-json\/wp\/v2\/categories?post=2814"},{"taxonomy":"post_tag","embeddable":true,"href":"https:\/\/www.pescanordeste.com.br\/revista\/wp-json\/wp\/v2\/tags?post=2814"}],"curies":[{"name":"wp","href":"https:\/\/api.w.org\/{rel}","templated":true}]}}