{"id":2806,"date":"2023-10-23T09:10:00","date_gmt":"2023-10-23T12:10:00","guid":{"rendered":"https:\/\/www.pescanordeste.com.br\/revista\/?p=2806"},"modified":"2024-01-08T09:10:40","modified_gmt":"2024-01-08T12:10:40","slug":"museu-da-pesca-167-era-uma-vez-pescando-com-gugu-no-iriri","status":"publish","type":"post","link":"https:\/\/www.pescanordeste.com.br\/revista\/museu-da-pesca-167-era-uma-vez-pescando-com-gugu-no-iriri\/","title":{"rendered":"Museu da Pesca 167 &#8211; Era uma vez pescando com Gugu no Iriri"},"content":{"rendered":"\n<p>Recentemente postamos uma aventura da turma do chegado no Iriri. Ao rever aquelas imagens, lembrei da \u00faltima vez que vi e gravei o Gugu numa pescaria. Isso foi em 2007, e s\u00f3 tornei a encontra-lo numa das feiras da Pesca &amp; Cia em S\u00e3o Paulo, antes da pandemia. Foi num fim de tarde, apenas para lembrar dos bons tempos, a gente um pouco mais velho na ocasi\u00e3o. Hoje (2023) n\u00e3o vou comentar&#8230; Eheheheh&#8230; Gugu pegou muitos tucunar\u00e9s e um trair\u00e3o, foi um fim de tarde bastante agrad\u00e1vel, quebrando a rotina dos dias gravando a turma do chegado. No final da pescaria, como n\u00e3o podia deixar de ser, no meio do rio, o sol se pondo, os peixes batendo e as aves cantando, o Gugu puxa sua velha botija, de velhas pescarias, abra\u00e7ando em seu interior um velho amigo, um malte escoc\u00eas, e emoldurados por aquela paisagem, brindamos aos velhos, presentes, e futuros encontros e pescarias, onde o destino marcar.<\/p>\n\n\n\n<figure class=\"wp-block-embed is-type-video is-provider-youtube wp-block-embed-youtube wp-embed-aspect-16-9 wp-has-aspect-ratio\"><div class=\"wp-block-embed__wrapper\">\n<iframe loading=\"lazy\" title=\"Era uma vez pescando com Gugu no Iriri\" width=\"500\" height=\"281\" src=\"https:\/\/www.youtube.com\/embed\/ss83loxTupw?feature=oembed\" frameborder=\"0\" allow=\"accelerometer; autoplay; clipboard-write; encrypted-media; gyroscope; picture-in-picture; web-share\" referrerpolicy=\"strict-origin-when-cross-origin\" allowfullscreen><\/iframe>\n<\/div><\/figure>\n","protected":false},"excerpt":{"rendered":"<p>Recentemente postamos uma aventura da turma do chegado no Iriri. Ao rever aquelas imagens, lembrei da \u00faltima vez que vi e gravei o Gugu numa pescaria. Isso foi em 2007, e s\u00f3 tornei a encontra-lo numa das feiras da Pesca &amp; Cia em S\u00e3o Paulo, antes da pandemia. Foi num fim de tarde, apenas para [&hellip;]<\/p>\n","protected":false},"author":5,"featured_media":0,"comment_status":"closed","ping_status":"closed","sticky":false,"template":"","format":"standard","meta":{"sfsi_plus_gutenberg_text_before_share":"","sfsi_plus_gutenberg_show_text_before_share":"","sfsi_plus_gutenberg_icon_type":"","sfsi_plus_gutenberg_icon_alignemt":"","sfsi_plus_gutenburg_max_per_row":"","footnotes":""},"categories":[166],"tags":[178,167,30,4,353],"class_list":["post-2806","post","type-post","status-publish","format-standard","hentry","category-museu-da-pesca","tag-marcao","tag-museu-da-pesca","tag-pesca","tag-pescaria","tag-rio-iriri"],"_links":{"self":[{"href":"https:\/\/www.pescanordeste.com.br\/revista\/wp-json\/wp\/v2\/posts\/2806","targetHints":{"allow":["GET"]}}],"collection":[{"href":"https:\/\/www.pescanordeste.com.br\/revista\/wp-json\/wp\/v2\/posts"}],"about":[{"href":"https:\/\/www.pescanordeste.com.br\/revista\/wp-json\/wp\/v2\/types\/post"}],"author":[{"embeddable":true,"href":"https:\/\/www.pescanordeste.com.br\/revista\/wp-json\/wp\/v2\/users\/5"}],"replies":[{"embeddable":true,"href":"https:\/\/www.pescanordeste.com.br\/revista\/wp-json\/wp\/v2\/comments?post=2806"}],"version-history":[{"count":1,"href":"https:\/\/www.pescanordeste.com.br\/revista\/wp-json\/wp\/v2\/posts\/2806\/revisions"}],"predecessor-version":[{"id":2807,"href":"https:\/\/www.pescanordeste.com.br\/revista\/wp-json\/wp\/v2\/posts\/2806\/revisions\/2807"}],"wp:attachment":[{"href":"https:\/\/www.pescanordeste.com.br\/revista\/wp-json\/wp\/v2\/media?parent=2806"}],"wp:term":[{"taxonomy":"category","embeddable":true,"href":"https:\/\/www.pescanordeste.com.br\/revista\/wp-json\/wp\/v2\/categories?post=2806"},{"taxonomy":"post_tag","embeddable":true,"href":"https:\/\/www.pescanordeste.com.br\/revista\/wp-json\/wp\/v2\/tags?post=2806"}],"curies":[{"name":"wp","href":"https:\/\/api.w.org\/{rel}","templated":true}]}}