{"id":2793,"date":"2023-10-29T08:56:14","date_gmt":"2023-10-29T11:56:14","guid":{"rendered":"https:\/\/www.pescanordeste.com.br\/revista\/?p=2793"},"modified":"2024-01-08T08:56:35","modified_gmt":"2024-01-08T11:56:35","slug":"museu-da-pesca-173-era-uma-vez-tecnicas-e-equipamentos","status":"publish","type":"post","link":"https:\/\/www.pescanordeste.com.br\/revista\/museu-da-pesca-173-era-uma-vez-tecnicas-e-equipamentos\/","title":{"rendered":"Museu da Pesca 173 &#8211; Era uma vez&#8230; T\u00e9cnicas e equipamentos"},"content":{"rendered":"\n<p>Al\u00e9m de minha produtora de v\u00eddeos, a R\u00e9ia, fiz muitos trabalhos para terceiros, principalmente para a Revista Trof\u00e9u Pesca. Um deles foi em 1999, uma fita de v\u00eddeo com dura\u00e7\u00e3o de uma hora, acompanhando a B\u00edblia do Pescador n\u00famero 17. Entre v\u00e1rios assuntos, separei apenas dois dos que participei, para dar uma pequena amostra do trabalho. Essa fita era parte integrante da edi\u00e7\u00e3o e n\u00e3o podia ser vendida separadamente, assim com todas as outras que acompanharam n\u00e3o s\u00f3 a B\u00edblia do Pescador como tamb\u00e9m edi\u00e7\u00f5es normais da revista Trof\u00e9u Pesca. Nessa amostra a utiliza\u00e7\u00e3o de iscas artificiais em Pesque &amp; Pagues, assim como balanceamento de equipamentos.<\/p>\n\n\n\n<figure class=\"wp-block-embed is-type-video is-provider-youtube wp-block-embed-youtube wp-embed-aspect-16-9 wp-has-aspect-ratio\"><div class=\"wp-block-embed__wrapper\">\n<iframe loading=\"lazy\" title=\"Era uma vez   T\u00e9cnicas e equipamentos B\u00edblia do Pescador 17\" width=\"500\" height=\"281\" src=\"https:\/\/www.youtube.com\/embed\/fKk9l67IXSk?feature=oembed\" frameborder=\"0\" allow=\"accelerometer; autoplay; clipboard-write; encrypted-media; gyroscope; picture-in-picture; web-share\" referrerpolicy=\"strict-origin-when-cross-origin\" allowfullscreen><\/iframe>\n<\/div><\/figure>\n","protected":false},"excerpt":{"rendered":"<p>Al\u00e9m de minha produtora de v\u00eddeos, a R\u00e9ia, fiz muitos trabalhos para terceiros, principalmente para a Revista Trof\u00e9u Pesca. Um deles foi em 1999, uma fita de v\u00eddeo com dura\u00e7\u00e3o de uma hora, acompanhando a B\u00edblia do Pescador n\u00famero 17. Entre v\u00e1rios assuntos, separei apenas dois dos que participei, para dar uma pequena amostra do [&hellip;]<\/p>\n","protected":false},"author":5,"featured_media":0,"comment_status":"closed","ping_status":"closed","sticky":false,"template":"","format":"standard","meta":{"sfsi_plus_gutenberg_text_before_share":"","sfsi_plus_gutenberg_show_text_before_share":"","sfsi_plus_gutenberg_icon_type":"","sfsi_plus_gutenberg_icon_alignemt":"","sfsi_plus_gutenburg_max_per_row":"","footnotes":""},"categories":[166],"tags":[178,167,30,4,226],"class_list":["post-2793","post","type-post","status-publish","format-standard","hentry","category-museu-da-pesca","tag-marcao","tag-museu-da-pesca","tag-pesca","tag-pescaria","tag-trofeu-pesca"],"_links":{"self":[{"href":"https:\/\/www.pescanordeste.com.br\/revista\/wp-json\/wp\/v2\/posts\/2793","targetHints":{"allow":["GET"]}}],"collection":[{"href":"https:\/\/www.pescanordeste.com.br\/revista\/wp-json\/wp\/v2\/posts"}],"about":[{"href":"https:\/\/www.pescanordeste.com.br\/revista\/wp-json\/wp\/v2\/types\/post"}],"author":[{"embeddable":true,"href":"https:\/\/www.pescanordeste.com.br\/revista\/wp-json\/wp\/v2\/users\/5"}],"replies":[{"embeddable":true,"href":"https:\/\/www.pescanordeste.com.br\/revista\/wp-json\/wp\/v2\/comments?post=2793"}],"version-history":[{"count":1,"href":"https:\/\/www.pescanordeste.com.br\/revista\/wp-json\/wp\/v2\/posts\/2793\/revisions"}],"predecessor-version":[{"id":2794,"href":"https:\/\/www.pescanordeste.com.br\/revista\/wp-json\/wp\/v2\/posts\/2793\/revisions\/2794"}],"wp:attachment":[{"href":"https:\/\/www.pescanordeste.com.br\/revista\/wp-json\/wp\/v2\/media?parent=2793"}],"wp:term":[{"taxonomy":"category","embeddable":true,"href":"https:\/\/www.pescanordeste.com.br\/revista\/wp-json\/wp\/v2\/categories?post=2793"},{"taxonomy":"post_tag","embeddable":true,"href":"https:\/\/www.pescanordeste.com.br\/revista\/wp-json\/wp\/v2\/tags?post=2793"}],"curies":[{"name":"wp","href":"https:\/\/api.w.org\/{rel}","templated":true}]}}