{"id":2791,"date":"2023-10-30T08:54:32","date_gmt":"2023-10-30T11:54:32","guid":{"rendered":"https:\/\/www.pescanordeste.com.br\/revista\/?p=2791"},"modified":"2024-01-08T08:55:01","modified_gmt":"2024-01-08T11:55:01","slug":"museu-da-pesca-174-memorias-da-pesca-pesca-lazer-01","status":"publish","type":"post","link":"https:\/\/www.pescanordeste.com.br\/revista\/museu-da-pesca-174-memorias-da-pesca-pesca-lazer-01\/","title":{"rendered":"Museu da Pesca 174 &#8211; Mem\u00f3rias da Pesca &#8211; Pesca &#038; Lazer 01"},"content":{"rendered":"\n<p>Minha primeira experi\u00eancia com programas de televis\u00e3o foi na Tev\u00ea Manchete. Como j\u00e1 disse antes, edit\u00e1vamos o programa na Tev\u00ea Bandeirantes e veicul\u00e1vamos na Manchete. O programa era produzido pela loja \u201cCasa de Pesca Pinheiros\u201d. Para tanto, o Sr. Edison montou uma produtora, a \u201cArynos Produ\u00e7\u00f5es\u201d, com a seguinte participa\u00e7\u00e3o: 40% para o Edison Pai, 40% para o Edison Filho, !0% para o Capit\u00e3o Cravo, e 10% para mim. E assim fomos n\u00f3s! A primeira grava\u00e7\u00e3o para o primeiro programa levou 15 dias, talvez um pouco mais. Primeiramente fomos gravar uma pescaria de Matrinch\u00e3 no rio Arinos, com assessoria do Padilha, e no segundo, na mesma viagem sem voltar a S\u00e3o Paulo, uma pescaria no Pantanal, com assessoria do Wilson Feitosa. A viagem toda feita de carro. No Arinos nossa base foi a Fazenda Matrinch\u00e3, de onde sa\u00edmos acampando na floresta em viagem de uns quatro dias, e no Pantanal nossa base foi a Pousada Santa Maria, em Porto Jofre. Foi a primeira vez que conheci a transpantaneira Pocon\u00e9\/Porto Jofre e me encantei. Foi uma viagem maravilhosa, al\u00e9m de trabalhosa, e dela participaram o Edisinho, o Cravo, o Padilha, o Wilson Feitosa, o Toninho Cabelo (cinegrafista contratado), um operador de \u00e1udio (gente fin\u00edssima que infelizmente esqueci o nome), e eu. O operador de \u00e1udio era do est\u00fadio do Rudi Bohm, que foi inclusive quem produziu a abertura do programa, usando cenas minhas de corrida de barcos no Pau Cerne. Vamos \u00e0 primeira parte, que servir\u00e3o pelo menos para matar as saudades. Infelizmente o estado das fitas n\u00e3o estava l\u00e1 essas coisas, e foi o que conseguimos salvar, mas vale para n\u00f3s o conte\u00fado. O ano era 1993, salvo engano.<\/p>\n\n\n\n<figure class=\"wp-block-embed is-type-video is-provider-youtube wp-block-embed-youtube wp-embed-aspect-16-9 wp-has-aspect-ratio\"><div class=\"wp-block-embed__wrapper\">\n<iframe loading=\"lazy\" title=\"Mem\u00f3rias da Pesca   Pesca &amp; Lazer 01\" width=\"500\" height=\"281\" src=\"https:\/\/www.youtube.com\/embed\/24s9ldR4EAo?feature=oembed\" frameborder=\"0\" allow=\"accelerometer; autoplay; clipboard-write; encrypted-media; gyroscope; picture-in-picture; web-share\" referrerpolicy=\"strict-origin-when-cross-origin\" allowfullscreen><\/iframe>\n<\/div><\/figure>\n","protected":false},"excerpt":{"rendered":"<p>Minha primeira experi\u00eancia com programas de televis\u00e3o foi na Tev\u00ea Manchete. Como j\u00e1 disse antes, edit\u00e1vamos o programa na Tev\u00ea Bandeirantes e veicul\u00e1vamos na Manchete. O programa era produzido pela loja \u201cCasa de Pesca Pinheiros\u201d. Para tanto, o Sr. Edison montou uma produtora, a \u201cArynos Produ\u00e7\u00f5es\u201d, com a seguinte participa\u00e7\u00e3o: 40% para o Edison Pai, [&hellip;]<\/p>\n","protected":false},"author":5,"featured_media":0,"comment_status":"closed","ping_status":"closed","sticky":false,"template":"","format":"standard","meta":{"sfsi_plus_gutenberg_text_before_share":"","sfsi_plus_gutenberg_show_text_before_share":"","sfsi_plus_gutenberg_icon_type":"","sfsi_plus_gutenberg_icon_alignemt":"","sfsi_plus_gutenburg_max_per_row":"","footnotes":""},"categories":[166],"tags":[178,252,167,30,263,4],"class_list":["post-2791","post","type-post","status-publish","format-standard","hentry","category-museu-da-pesca","tag-marcao","tag-matrincha","tag-museu-da-pesca","tag-pesca","tag-pesca-lazer","tag-pescaria"],"_links":{"self":[{"href":"https:\/\/www.pescanordeste.com.br\/revista\/wp-json\/wp\/v2\/posts\/2791","targetHints":{"allow":["GET"]}}],"collection":[{"href":"https:\/\/www.pescanordeste.com.br\/revista\/wp-json\/wp\/v2\/posts"}],"about":[{"href":"https:\/\/www.pescanordeste.com.br\/revista\/wp-json\/wp\/v2\/types\/post"}],"author":[{"embeddable":true,"href":"https:\/\/www.pescanordeste.com.br\/revista\/wp-json\/wp\/v2\/users\/5"}],"replies":[{"embeddable":true,"href":"https:\/\/www.pescanordeste.com.br\/revista\/wp-json\/wp\/v2\/comments?post=2791"}],"version-history":[{"count":1,"href":"https:\/\/www.pescanordeste.com.br\/revista\/wp-json\/wp\/v2\/posts\/2791\/revisions"}],"predecessor-version":[{"id":2792,"href":"https:\/\/www.pescanordeste.com.br\/revista\/wp-json\/wp\/v2\/posts\/2791\/revisions\/2792"}],"wp:attachment":[{"href":"https:\/\/www.pescanordeste.com.br\/revista\/wp-json\/wp\/v2\/media?parent=2791"}],"wp:term":[{"taxonomy":"category","embeddable":true,"href":"https:\/\/www.pescanordeste.com.br\/revista\/wp-json\/wp\/v2\/categories?post=2791"},{"taxonomy":"post_tag","embeddable":true,"href":"https:\/\/www.pescanordeste.com.br\/revista\/wp-json\/wp\/v2\/tags?post=2791"}],"curies":[{"name":"wp","href":"https:\/\/api.w.org\/{rel}","templated":true}]}}