{"id":2789,"date":"2023-10-31T08:52:51","date_gmt":"2023-10-31T11:52:51","guid":{"rendered":"https:\/\/www.pescanordeste.com.br\/revista\/?p=2789"},"modified":"2024-01-08T08:53:16","modified_gmt":"2024-01-08T11:53:16","slug":"museu-da-pesca-175-memorias-da-pesca-pesca-lazer-02","status":"publish","type":"post","link":"https:\/\/www.pescanordeste.com.br\/revista\/museu-da-pesca-175-memorias-da-pesca-pesca-lazer-02\/","title":{"rendered":"Museu da Pesca 175 &#8211; Mem\u00f3rias da Pesca \u2013 Pesca &#038; Lazer 02"},"content":{"rendered":"\n<p>Essa foi nossa primeira aventura no meio televisivo. Gostei muito do resultado. Foi desenvolvido, dirigido e apresentado por equipe muito competente da TV Bandeirantes. Passei muitas noites na ilha de edi\u00e7\u00e3o orientando com o olhar de pescador. Apesar de usar muitas cenas minhas em alguns programas, minha fun\u00e7\u00e3o era diretor de externas.<\/p>\n\n\n\n<figure class=\"wp-block-embed is-type-video is-provider-youtube wp-block-embed-youtube wp-embed-aspect-16-9 wp-has-aspect-ratio\"><div class=\"wp-block-embed__wrapper\">\n<iframe loading=\"lazy\" title=\"Mem\u00f3rias da Pesca   Pesca &amp; Lazer 02\" width=\"500\" height=\"281\" src=\"https:\/\/www.youtube.com\/embed\/S01Zk5EM3-c?feature=oembed\" frameborder=\"0\" allow=\"accelerometer; autoplay; clipboard-write; encrypted-media; gyroscope; picture-in-picture; web-share\" referrerpolicy=\"strict-origin-when-cross-origin\" allowfullscreen><\/iframe>\n<\/div><\/figure>\n","protected":false},"excerpt":{"rendered":"<p>Essa foi nossa primeira aventura no meio televisivo. Gostei muito do resultado. Foi desenvolvido, dirigido e apresentado por equipe muito competente da TV Bandeirantes. Passei muitas noites na ilha de edi\u00e7\u00e3o orientando com o olhar de pescador. Apesar de usar muitas cenas minhas em alguns programas, minha fun\u00e7\u00e3o era diretor de externas.<\/p>\n","protected":false},"author":5,"featured_media":0,"comment_status":"closed","ping_status":"closed","sticky":false,"template":"","format":"standard","meta":{"sfsi_plus_gutenberg_text_before_share":"","sfsi_plus_gutenberg_show_text_before_share":"","sfsi_plus_gutenberg_icon_type":"","sfsi_plus_gutenberg_icon_alignemt":"","sfsi_plus_gutenburg_max_per_row":"","footnotes":""},"categories":[166],"tags":[178,167,30,263,4],"class_list":["post-2789","post","type-post","status-publish","format-standard","hentry","category-museu-da-pesca","tag-marcao","tag-museu-da-pesca","tag-pesca","tag-pesca-lazer","tag-pescaria"],"_links":{"self":[{"href":"https:\/\/www.pescanordeste.com.br\/revista\/wp-json\/wp\/v2\/posts\/2789","targetHints":{"allow":["GET"]}}],"collection":[{"href":"https:\/\/www.pescanordeste.com.br\/revista\/wp-json\/wp\/v2\/posts"}],"about":[{"href":"https:\/\/www.pescanordeste.com.br\/revista\/wp-json\/wp\/v2\/types\/post"}],"author":[{"embeddable":true,"href":"https:\/\/www.pescanordeste.com.br\/revista\/wp-json\/wp\/v2\/users\/5"}],"replies":[{"embeddable":true,"href":"https:\/\/www.pescanordeste.com.br\/revista\/wp-json\/wp\/v2\/comments?post=2789"}],"version-history":[{"count":1,"href":"https:\/\/www.pescanordeste.com.br\/revista\/wp-json\/wp\/v2\/posts\/2789\/revisions"}],"predecessor-version":[{"id":2790,"href":"https:\/\/www.pescanordeste.com.br\/revista\/wp-json\/wp\/v2\/posts\/2789\/revisions\/2790"}],"wp:attachment":[{"href":"https:\/\/www.pescanordeste.com.br\/revista\/wp-json\/wp\/v2\/media?parent=2789"}],"wp:term":[{"taxonomy":"category","embeddable":true,"href":"https:\/\/www.pescanordeste.com.br\/revista\/wp-json\/wp\/v2\/categories?post=2789"},{"taxonomy":"post_tag","embeddable":true,"href":"https:\/\/www.pescanordeste.com.br\/revista\/wp-json\/wp\/v2\/tags?post=2789"}],"curies":[{"name":"wp","href":"https:\/\/api.w.org\/{rel}","templated":true}]}}