{"id":2783,"date":"2023-11-02T16:30:39","date_gmt":"2023-11-02T19:30:39","guid":{"rendered":"https:\/\/www.pescanordeste.com.br\/revista\/?p=2783"},"modified":"2024-01-05T16:31:03","modified_gmt":"2024-01-05T19:31:03","slug":"museu-da-pesca-177-toninho-negreiro-01","status":"publish","type":"post","link":"https:\/\/www.pescanordeste.com.br\/revista\/museu-da-pesca-177-toninho-negreiro-01\/","title":{"rendered":"Museu da Pesca 177 &#8211; Toninho Negreiro 01"},"content":{"rendered":"\n<p>Toninho Negreiro foi um dos pioneiros nas grava\u00e7\u00f5es de assuntos ligados \u00e0 natureza no Brasil, assim como casos e lendas sobre o assunto. Amava o Pantanal e por l\u00e1 fez v\u00e1rios de seus programas. Ficou conhecido como o \u201cca\u00e7ador de aventuras\u201d, e teve participa\u00e7\u00f5es no \u201cDoming\u00e3o do Faust\u00e3o\u201d e \u201cDomingo Legal\u201d, al\u00e9m de seu programa \u201cDesbrava Brasil\u201d, levado ao ar em v\u00e1rias emissoras. Participei com ele em alguns projetos, e, em 1994, a agencia de turismo \u201cLigue \u2013 Pesca\u201d reuniu uma turma para fazer um institucional de uma estrutura de pesca em Ayolas, no Paraguai. Sa\u00edmos de S\u00e3o Paulo o Toninho Negreiro, o Humberto Moreira, o Edson Santo e eu. Em Ayolas nos encontrar\u00edamos com o Wilson Feitosa e a fot\u00f3grafa, muito competente mas que infelizmente n\u00e3o lembro o nome. Pois bem, me mudei de S\u00e3o Paulo em 2001 e de l\u00e1 para c\u00e1 perdi o contato, apenas o via eventualmente em programas na televis\u00e3o. O tempo passou e no final de 2010 resolvi procur\u00e1-lo. Acessei o Google e qual n\u00e3o foi minha surpresa ao saber de seu falecimento, precocemente, aos 50 anos&#8230; N\u00e3o vi nada noticiado na imprensa nem em sites de pesca, parece que n\u00e3o deram a import\u00e2ncia que ele merecia&#8230; Mas a vida \u00e9 assim mesmo&#8230; O resultado dessa viagem n\u00e3o deu em nada, e as imagens nunca foram usadas, \u00e0 exce\u00e7\u00e3o do acidente com a garat\u00e9ia, que o Toninho usou em seus programas e mostramos aqui na primeira parte. Presto aqui uma homenagem ao Toninho, grande figura. Que Deus o tenha&#8230;<\/p>\n\n\n\n<figure class=\"wp-block-embed is-type-video is-provider-youtube wp-block-embed-youtube wp-embed-aspect-16-9 wp-has-aspect-ratio\"><div class=\"wp-block-embed__wrapper\">\n<iframe loading=\"lazy\" title=\"Toninho Negreiro 01\" width=\"500\" height=\"281\" src=\"https:\/\/www.youtube.com\/embed\/1zt2fms3eJ8?feature=oembed\" frameborder=\"0\" allow=\"accelerometer; autoplay; clipboard-write; encrypted-media; gyroscope; picture-in-picture; web-share\" referrerpolicy=\"strict-origin-when-cross-origin\" allowfullscreen><\/iframe>\n<\/div><\/figure>\n","protected":false},"excerpt":{"rendered":"<p>Toninho Negreiro foi um dos pioneiros nas grava\u00e7\u00f5es de assuntos ligados \u00e0 natureza no Brasil, assim como casos e lendas sobre o assunto. Amava o Pantanal e por l\u00e1 fez v\u00e1rios de seus programas. Ficou conhecido como o \u201cca\u00e7ador de aventuras\u201d, e teve participa\u00e7\u00f5es no \u201cDoming\u00e3o do Faust\u00e3o\u201d e \u201cDomingo Legal\u201d, al\u00e9m de seu programa [&hellip;]<\/p>\n","protected":false},"author":5,"featured_media":0,"comment_status":"closed","ping_status":"closed","sticky":false,"template":"","format":"standard","meta":{"sfsi_plus_gutenberg_text_before_share":"","sfsi_plus_gutenberg_show_text_before_share":"","sfsi_plus_gutenberg_icon_type":"","sfsi_plus_gutenberg_icon_alignemt":"","sfsi_plus_gutenburg_max_per_row":"","footnotes":""},"categories":[166],"tags":[178,167,30,4,348],"class_list":["post-2783","post","type-post","status-publish","format-standard","hentry","category-museu-da-pesca","tag-marcao","tag-museu-da-pesca","tag-pesca","tag-pescaria","tag-toninho-negreiro"],"_links":{"self":[{"href":"https:\/\/www.pescanordeste.com.br\/revista\/wp-json\/wp\/v2\/posts\/2783","targetHints":{"allow":["GET"]}}],"collection":[{"href":"https:\/\/www.pescanordeste.com.br\/revista\/wp-json\/wp\/v2\/posts"}],"about":[{"href":"https:\/\/www.pescanordeste.com.br\/revista\/wp-json\/wp\/v2\/types\/post"}],"author":[{"embeddable":true,"href":"https:\/\/www.pescanordeste.com.br\/revista\/wp-json\/wp\/v2\/users\/5"}],"replies":[{"embeddable":true,"href":"https:\/\/www.pescanordeste.com.br\/revista\/wp-json\/wp\/v2\/comments?post=2783"}],"version-history":[{"count":1,"href":"https:\/\/www.pescanordeste.com.br\/revista\/wp-json\/wp\/v2\/posts\/2783\/revisions"}],"predecessor-version":[{"id":2784,"href":"https:\/\/www.pescanordeste.com.br\/revista\/wp-json\/wp\/v2\/posts\/2783\/revisions\/2784"}],"wp:attachment":[{"href":"https:\/\/www.pescanordeste.com.br\/revista\/wp-json\/wp\/v2\/media?parent=2783"}],"wp:term":[{"taxonomy":"category","embeddable":true,"href":"https:\/\/www.pescanordeste.com.br\/revista\/wp-json\/wp\/v2\/categories?post=2783"},{"taxonomy":"post_tag","embeddable":true,"href":"https:\/\/www.pescanordeste.com.br\/revista\/wp-json\/wp\/v2\/tags?post=2783"}],"curies":[{"name":"wp","href":"https:\/\/api.w.org\/{rel}","templated":true}]}}