{"id":2718,"date":"2023-05-13T11:40:00","date_gmt":"2023-05-13T14:40:00","guid":{"rendered":"https:\/\/www.pescanordeste.com.br\/revista\/?p=2718"},"modified":"2024-01-04T16:36:43","modified_gmt":"2024-01-04T19:36:43","slug":"museu-da-pesca-30-video-abc-do-fly-parte-03","status":"publish","type":"post","link":"https:\/\/www.pescanordeste.com.br\/revista\/museu-da-pesca-30-video-abc-do-fly-parte-03\/","title":{"rendered":"Museu da Pesca 30 &#8211; V\u00eddeo \u201cABC do Fly\u201d parte 03"},"content":{"rendered":"\n<p>Continuando nossa pescaria na \u201clagoa dos perdidos\u201d e nos rios Arinos e Claro. Como sou pescador, sei que \u00e9 uma tortura estar ao lado de um companheiro de barco apenas para ajudar, sem poder pescar. \u00c9 o caso do Padilha, que estava no motor el\u00e9trico, assim como eu, que estava s\u00f3 gravando, ambos assessorando o Paulo.<\/p>\n\n\n\n<p>Mas algumas vezes o Padilha n\u00e3o conseguia controlar os instintos e dava seus pinchos com bait, tamb\u00e9m pegando <a><\/a>alguns e \u201cmatando o bicho\u201d que o consumia. Eu n\u00e3o tinha op\u00e7\u00e3o.<\/p>\n\n\n\n<p>Aproveitando essas lembran\u00e7as, gostaria de saber de algum amigo que assistir esse v\u00eddeo qual a esp\u00e9cie desses tucunar\u00e9s, apenas para registro.<\/p>\n\n\n\n<figure class=\"wp-block-embed is-type-video is-provider-youtube wp-block-embed-youtube wp-embed-aspect-16-9 wp-has-aspect-ratio\"><div class=\"wp-block-embed__wrapper\">\n<iframe loading=\"lazy\" title=\"Paulo Cesar no Arinos 03\" width=\"500\" height=\"281\" src=\"https:\/\/www.youtube.com\/embed\/xhG30ILU840?feature=oembed\" frameborder=\"0\" allow=\"accelerometer; autoplay; clipboard-write; encrypted-media; gyroscope; picture-in-picture; web-share\" referrerpolicy=\"strict-origin-when-cross-origin\" allowfullscreen><\/iframe>\n<\/div><\/figure>\n","protected":false},"excerpt":{"rendered":"<p>Continuando nossa pescaria na \u201clagoa dos perdidos\u201d e nos rios Arinos e Claro. Como sou pescador, sei que \u00e9 uma tortura estar ao lado de um companheiro de barco apenas para ajudar, sem poder pescar. \u00c9 o caso do Padilha, que estava no motor el\u00e9trico, assim como eu, que estava s\u00f3 gravando, ambos assessorando o [&hellip;]<\/p>\n","protected":false},"author":5,"featured_media":0,"comment_status":"closed","ping_status":"closed","sticky":false,"template":"","format":"standard","meta":{"sfsi_plus_gutenberg_text_before_share":"","sfsi_plus_gutenberg_show_text_before_share":"","sfsi_plus_gutenberg_icon_type":"","sfsi_plus_gutenberg_icon_alignemt":"","sfsi_plus_gutenburg_max_per_row":"","footnotes":""},"categories":[166],"tags":[251,169,216,178,167,30,215,4],"class_list":["post-2718","post","type-post","status-publish","format-standard","hentry","category-museu-da-pesca","tag-abc-do-fly","tag-fly","tag-fly-fishing","tag-marcao","tag-museu-da-pesca","tag-pesca","tag-pesca-com-mosca","tag-pescaria"],"_links":{"self":[{"href":"https:\/\/www.pescanordeste.com.br\/revista\/wp-json\/wp\/v2\/posts\/2718","targetHints":{"allow":["GET"]}}],"collection":[{"href":"https:\/\/www.pescanordeste.com.br\/revista\/wp-json\/wp\/v2\/posts"}],"about":[{"href":"https:\/\/www.pescanordeste.com.br\/revista\/wp-json\/wp\/v2\/types\/post"}],"author":[{"embeddable":true,"href":"https:\/\/www.pescanordeste.com.br\/revista\/wp-json\/wp\/v2\/users\/5"}],"replies":[{"embeddable":true,"href":"https:\/\/www.pescanordeste.com.br\/revista\/wp-json\/wp\/v2\/comments?post=2718"}],"version-history":[{"count":1,"href":"https:\/\/www.pescanordeste.com.br\/revista\/wp-json\/wp\/v2\/posts\/2718\/revisions"}],"predecessor-version":[{"id":2719,"href":"https:\/\/www.pescanordeste.com.br\/revista\/wp-json\/wp\/v2\/posts\/2718\/revisions\/2719"}],"wp:attachment":[{"href":"https:\/\/www.pescanordeste.com.br\/revista\/wp-json\/wp\/v2\/media?parent=2718"}],"wp:term":[{"taxonomy":"category","embeddable":true,"href":"https:\/\/www.pescanordeste.com.br\/revista\/wp-json\/wp\/v2\/categories?post=2718"},{"taxonomy":"post_tag","embeddable":true,"href":"https:\/\/www.pescanordeste.com.br\/revista\/wp-json\/wp\/v2\/tags?post=2718"}],"curies":[{"name":"wp","href":"https:\/\/api.w.org\/{rel}","templated":true}]}}