{"id":2712,"date":"2023-05-16T10:50:29","date_gmt":"2023-05-16T13:50:29","guid":{"rendered":"https:\/\/www.pescanordeste.com.br\/revista\/?p=2712"},"modified":"2024-01-04T16:31:06","modified_gmt":"2024-01-04T19:31:06","slug":"museu-da-pesca-33-video-tucunare-o-gigante-da-amazonia-parte-02","status":"publish","type":"post","link":"https:\/\/www.pescanordeste.com.br\/revista\/museu-da-pesca-33-video-tucunare-o-gigante-da-amazonia-parte-02\/","title":{"rendered":"Museu da Pesca 33 &#8211; V\u00eddeo \u201cTucunar\u00e9 o Gigante da Amaz\u00f4nia\u201d parte 02"},"content":{"rendered":"\n<p>A menor dist\u00e2ncia entre dois pontos \u00e9 a dist\u00e2ncia entre um tucunar\u00e9 e sua presa, e essa dist\u00e2ncia n\u00e3o \u00e9 medida em metros, mas em emo\u00e7\u00e3o. Essa \u00e9 a principal raz\u00e3o da paix\u00e3o dos f\u00e3s do tucunar\u00e9, sem d\u00favida, mas n\u00e3o s\u00f3 os ataques \u00e0s iscas traduz esse fato, os rebojos s\u00e3o tamb\u00e9m muito especiais, pois embora n\u00e3o quebrem a tranquilidade das \u00e1guas com suas explos\u00f5es, excitam nossa imagina\u00e7\u00e3o, na expectativa do <a><\/a>ataque iminente, que nem sempre acontece, sem sabermos qual o tamanho do peixe e qual a hora do ataque.<\/p>\n\n\n\n<p>Em dias nublados encontr\u00e1vamos \u00e0s vezes exemplares enormes em \u00e1guas surpreendentemente rasas, em pontos que normalmente desprezar\u00edamos. Ficamos atentos a isso devido os ensinamentos do grande pescador Gilberto Fernandes, que em seu livro \u201cA Pesca no Amazonas\u201d nos d\u00e1 essa dica, pois ondula\u00e7\u00f5es na superf\u00edcie podiam indicar grandes tucunar\u00e9s ca\u00e7ando. Por outro lado, esses tucunar\u00e9s tamb\u00e9m podiam estar se protegendo nesses raseiros se houvesse movimenta\u00e7\u00e3o de botos por perto.<\/p>\n\n\n\n<p>O Tupana foi um dos belos pontos de pesca que conheci, n\u00e3o s\u00f3 por sua beleza como tamb\u00e9m pela fartura de peixes. N\u00e3o sei como est\u00e1 hoje em dia, mas para sempre ficar\u00e3o comigo as lembran\u00e7as daqueles peixes e daqueles lugares.<\/p>\n\n\n\n<p>Em 1996 lan\u00e7amos finalmente o v\u00eddeo \u201cTucunar\u00e9 \u2013 O Gigante da Amaz\u00f4nia&#8221;, na Feipesca. Voltei muitas vezes ao Tupana, gra\u00e7as \u00e0 ajuda inestim\u00e1vel do Luiz Saburo, que Deus o tenha.<\/p>\n\n\n\n<figure class=\"wp-block-embed is-type-video is-provider-youtube wp-block-embed-youtube wp-embed-aspect-16-9 wp-has-aspect-ratio\"><div class=\"wp-block-embed__wrapper\">\n<iframe loading=\"lazy\" title=\"V\u00eddeo Tucunar\u00e9 o Gigante da Amaz\u00f4nia 02\" width=\"500\" height=\"281\" src=\"https:\/\/www.youtube.com\/embed\/dazAU5KrtKs?feature=oembed\" frameborder=\"0\" allow=\"accelerometer; autoplay; clipboard-write; encrypted-media; gyroscope; picture-in-picture; web-share\" referrerpolicy=\"strict-origin-when-cross-origin\" allowfullscreen><\/iframe>\n<\/div><\/figure>\n","protected":false},"excerpt":{"rendered":"<p>A menor dist\u00e2ncia entre dois pontos \u00e9 a dist\u00e2ncia entre um tucunar\u00e9 e sua presa, e essa dist\u00e2ncia n\u00e3o \u00e9 medida em metros, mas em emo\u00e7\u00e3o. Essa \u00e9 a principal raz\u00e3o da paix\u00e3o dos f\u00e3s do tucunar\u00e9, sem d\u00favida, mas n\u00e3o s\u00f3 os ataques \u00e0s iscas traduz esse fato, os rebojos s\u00e3o tamb\u00e9m muito especiais, [&hellip;]<\/p>\n","protected":false},"author":5,"featured_media":0,"comment_status":"closed","ping_status":"closed","sticky":false,"template":"","format":"standard","meta":{"sfsi_plus_gutenberg_text_before_share":"","sfsi_plus_gutenberg_show_text_before_share":"","sfsi_plus_gutenberg_icon_type":"","sfsi_plus_gutenberg_icon_alignemt":"","sfsi_plus_gutenburg_max_per_row":"","footnotes":""},"categories":[166],"tags":[196,210,178,167,30,4,129,334],"class_list":["post-2712","post","type-post","status-publish","format-standard","hentry","category-museu-da-pesca","tag-amazonas","tag-amazonia","tag-marcao","tag-museu-da-pesca","tag-pesca","tag-pescaria","tag-tucunare","tag-tupana"],"_links":{"self":[{"href":"https:\/\/www.pescanordeste.com.br\/revista\/wp-json\/wp\/v2\/posts\/2712","targetHints":{"allow":["GET"]}}],"collection":[{"href":"https:\/\/www.pescanordeste.com.br\/revista\/wp-json\/wp\/v2\/posts"}],"about":[{"href":"https:\/\/www.pescanordeste.com.br\/revista\/wp-json\/wp\/v2\/types\/post"}],"author":[{"embeddable":true,"href":"https:\/\/www.pescanordeste.com.br\/revista\/wp-json\/wp\/v2\/users\/5"}],"replies":[{"embeddable":true,"href":"https:\/\/www.pescanordeste.com.br\/revista\/wp-json\/wp\/v2\/comments?post=2712"}],"version-history":[{"count":1,"href":"https:\/\/www.pescanordeste.com.br\/revista\/wp-json\/wp\/v2\/posts\/2712\/revisions"}],"predecessor-version":[{"id":2713,"href":"https:\/\/www.pescanordeste.com.br\/revista\/wp-json\/wp\/v2\/posts\/2712\/revisions\/2713"}],"wp:attachment":[{"href":"https:\/\/www.pescanordeste.com.br\/revista\/wp-json\/wp\/v2\/media?parent=2712"}],"wp:term":[{"taxonomy":"category","embeddable":true,"href":"https:\/\/www.pescanordeste.com.br\/revista\/wp-json\/wp\/v2\/categories?post=2712"},{"taxonomy":"post_tag","embeddable":true,"href":"https:\/\/www.pescanordeste.com.br\/revista\/wp-json\/wp\/v2\/tags?post=2712"}],"curies":[{"name":"wp","href":"https:\/\/api.w.org\/{rel}","templated":true}]}}