{"id":2706,"date":"2023-05-20T10:11:03","date_gmt":"2023-05-20T13:11:03","guid":{"rendered":"https:\/\/www.pescanordeste.com.br\/revista\/?p=2706"},"modified":"2024-01-04T16:07:34","modified_gmt":"2024-01-04T19:07:34","slug":"museu-da-pesca-37-video-o-mundo-das-iscas-artificiais-parte-03","status":"publish","type":"post","link":"https:\/\/www.pescanordeste.com.br\/revista\/museu-da-pesca-37-video-o-mundo-das-iscas-artificiais-parte-03\/","title":{"rendered":"Museu da Pesca 37 &#8211; V\u00eddeo \u201cO Mundo das Iscas Artificiais\u201d parte 03"},"content":{"rendered":"\n<p>Continuamos com nossa lista de itens de perif\u00e9ricos indispens\u00e1veis \u00e0 pr\u00e1tica de nosso lazer, a pesca amadora recreativa.<\/p>\n\n\n\n<p>Nesse v\u00eddeo queremos apenas dar dois \u201cpitacos\u201d sobre o tema: O primeiro \u00e9 sobre o uso dos \u00f3culos. O motivo principal de seu uso, na minha opini\u00e3o, \u00e9 a seguran\u00e7a. Em alguns programas de televis\u00e3o, no momento que o peixe chega junto ao barco, o pescador retira os \u00f3culos para falar com o <a><\/a>p\u00fablico. \u00c9 nessa hora que podem acontecer muitas \u201cescapadas\u201d do peixe, deixando a isca voar em qualquer dire\u00e7\u00e3o. \u00c9 um risco desnecess\u00e1rio em nome do politicamente correto, no caso a regra que n\u00e3o se deve falar com o p\u00fablico usando \u00f3culos escuros. Dane-se o politicamente correto, o que vale \u00e9 a seguran\u00e7a, e n\u00e3o se deve abusar da sorte em nome disso. Embarque o peixe e s\u00f3 ent\u00e3o pode retirar seus \u00f3culos e encarar seu p\u00fablico com mais intimidade.<\/p>\n\n\n\n<p>O segundo \u201cpitaco\u201d \u00e9 mais um agradecimento ao locutor Antonio Casale, nosso amigo, que recentemente faleceu. Nos encontramos depois de anos sem contato, est\u00e1vamos inclusive planejando um novo trabalho com ele, eu e o Mario Ferrari. N\u00e3o deu, infelizmente, e que Deus o tenha. Era um locutor de ponta e ainda trabalhando.<\/p>\n\n\n\n<figure class=\"wp-block-embed is-type-video is-provider-youtube wp-block-embed-youtube wp-embed-aspect-16-9 wp-has-aspect-ratio\"><div class=\"wp-block-embed__wrapper\">\n<iframe loading=\"lazy\" title=\"O Mundo das Iscas Artificiais 03\" width=\"500\" height=\"281\" src=\"https:\/\/www.youtube.com\/embed\/nwEtbusn3UM?feature=oembed\" frameborder=\"0\" allow=\"accelerometer; autoplay; clipboard-write; encrypted-media; gyroscope; picture-in-picture; web-share\" referrerpolicy=\"strict-origin-when-cross-origin\" allowfullscreen><\/iframe>\n<\/div><\/figure>\n","protected":false},"excerpt":{"rendered":"<p>Continuamos com nossa lista de itens de perif\u00e9ricos indispens\u00e1veis \u00e0 pr\u00e1tica de nosso lazer, a pesca amadora recreativa. Nesse v\u00eddeo queremos apenas dar dois \u201cpitacos\u201d sobre o tema: O primeiro \u00e9 sobre o uso dos \u00f3culos. O motivo principal de seu uso, na minha opini\u00e3o, \u00e9 a seguran\u00e7a. Em alguns programas de televis\u00e3o, no momento [&hellip;]<\/p>\n","protected":false},"author":5,"featured_media":0,"comment_status":"closed","ping_status":"closed","sticky":false,"template":"","format":"standard","meta":{"sfsi_plus_gutenberg_text_before_share":"","sfsi_plus_gutenberg_show_text_before_share":"","sfsi_plus_gutenberg_icon_type":"","sfsi_plus_gutenberg_icon_alignemt":"","sfsi_plus_gutenburg_max_per_row":"","footnotes":""},"categories":[166],"tags":[72,51,178,167,208,30,4],"class_list":["post-2706","post","type-post","status-publish","format-standard","hentry","category-museu-da-pesca","tag-isca-artificial","tag-iscas-artificiais","tag-marcao","tag-museu-da-pesca","tag-o-mundo-das-iscas-artificiais","tag-pesca","tag-pescaria"],"_links":{"self":[{"href":"https:\/\/www.pescanordeste.com.br\/revista\/wp-json\/wp\/v2\/posts\/2706","targetHints":{"allow":["GET"]}}],"collection":[{"href":"https:\/\/www.pescanordeste.com.br\/revista\/wp-json\/wp\/v2\/posts"}],"about":[{"href":"https:\/\/www.pescanordeste.com.br\/revista\/wp-json\/wp\/v2\/types\/post"}],"author":[{"embeddable":true,"href":"https:\/\/www.pescanordeste.com.br\/revista\/wp-json\/wp\/v2\/users\/5"}],"replies":[{"embeddable":true,"href":"https:\/\/www.pescanordeste.com.br\/revista\/wp-json\/wp\/v2\/comments?post=2706"}],"version-history":[{"count":1,"href":"https:\/\/www.pescanordeste.com.br\/revista\/wp-json\/wp\/v2\/posts\/2706\/revisions"}],"predecessor-version":[{"id":2707,"href":"https:\/\/www.pescanordeste.com.br\/revista\/wp-json\/wp\/v2\/posts\/2706\/revisions\/2707"}],"wp:attachment":[{"href":"https:\/\/www.pescanordeste.com.br\/revista\/wp-json\/wp\/v2\/media?parent=2706"}],"wp:term":[{"taxonomy":"category","embeddable":true,"href":"https:\/\/www.pescanordeste.com.br\/revista\/wp-json\/wp\/v2\/categories?post=2706"},{"taxonomy":"post_tag","embeddable":true,"href":"https:\/\/www.pescanordeste.com.br\/revista\/wp-json\/wp\/v2\/tags?post=2706"}],"curies":[{"name":"wp","href":"https:\/\/api.w.org\/{rel}","templated":true}]}}