{"id":2702,"date":"2023-05-24T09:23:27","date_gmt":"2023-05-24T12:23:27","guid":{"rendered":"https:\/\/www.pescanordeste.com.br\/revista\/?p=2702"},"modified":"2024-01-04T16:02:58","modified_gmt":"2024-01-04T19:02:58","slug":"museu-da-pesca-41-video-o-mundo-das-iscas-artificiais-parte-07","status":"publish","type":"post","link":"https:\/\/www.pescanordeste.com.br\/revista\/museu-da-pesca-41-video-o-mundo-das-iscas-artificiais-parte-07\/","title":{"rendered":"Museu da Pesca 41 &#8211; V\u00eddeo \u201cO Mundo das Iscas Artificiais\u201d parte 07"},"content":{"rendered":"\n<p>Hoje \u00e9 o dia das iscas de metal, como colheres e spinners. Essas eram as \u00fanicas iscas que pod\u00edamos usar no Pantanal na d\u00e9cada de 70, desde que com anz0l \u00fanico. Garat\u00e9ias eram proibidas, para evitar a pesca de lambada.<\/p>\n\n\n\n<p>Assim, nos restava a op\u00e7\u00e3o de corricar dourados com as colheres \u201cLimpa Armas\u201d e \u201cStanley\u201d. Tamb\u00e9m entravam piranhas, cachorras e piraputangas. Vez por outra o barco baixava a velocidade numa curva do rio ou baixios e peg\u00e1vamos pintados que estavam por ali, devido os raseiros ou por a isca ir mais no fundo. N\u00e3o vou contar por aqui que peguei uma vez um pacu na colher, no corrico, numa \u201cStanley n\u00famero 2\u201d, porque ningu\u00e9m vai acreditar. Nunca mais vi algo igual.<\/p>\n\n\n\n<figure class=\"wp-block-embed is-type-video is-provider-youtube wp-block-embed-youtube wp-embed-aspect-16-9 wp-has-aspect-ratio\"><div class=\"wp-block-embed__wrapper\">\n<iframe loading=\"lazy\" title=\"O Mundo das Iscas Artificiais 07\" width=\"500\" height=\"281\" src=\"https:\/\/www.youtube.com\/embed\/jTrQpSUVDYI?feature=oembed\" frameborder=\"0\" allow=\"accelerometer; autoplay; clipboard-write; encrypted-media; gyroscope; picture-in-picture; web-share\" referrerpolicy=\"strict-origin-when-cross-origin\" allowfullscreen><\/iframe>\n<\/div><\/figure>\n","protected":false},"excerpt":{"rendered":"<p>Hoje \u00e9 o dia das iscas de metal, como colheres e spinners. Essas eram as \u00fanicas iscas que pod\u00edamos usar no Pantanal na d\u00e9cada de 70, desde que com anz0l \u00fanico. Garat\u00e9ias eram proibidas, para evitar a pesca de lambada. Assim, nos restava a op\u00e7\u00e3o de corricar dourados com as colheres \u201cLimpa Armas\u201d e \u201cStanley\u201d. [&hellip;]<\/p>\n","protected":false},"author":5,"featured_media":0,"comment_status":"closed","ping_status":"closed","sticky":false,"template":"","format":"standard","meta":{"sfsi_plus_gutenberg_text_before_share":"","sfsi_plus_gutenberg_show_text_before_share":"","sfsi_plus_gutenberg_icon_type":"","sfsi_plus_gutenberg_icon_alignemt":"","sfsi_plus_gutenburg_max_per_row":"","footnotes":""},"categories":[166],"tags":[72,51,178,167,208,30,4],"class_list":["post-2702","post","type-post","status-publish","format-standard","hentry","category-museu-da-pesca","tag-isca-artificial","tag-iscas-artificiais","tag-marcao","tag-museu-da-pesca","tag-o-mundo-das-iscas-artificiais","tag-pesca","tag-pescaria"],"_links":{"self":[{"href":"https:\/\/www.pescanordeste.com.br\/revista\/wp-json\/wp\/v2\/posts\/2702","targetHints":{"allow":["GET"]}}],"collection":[{"href":"https:\/\/www.pescanordeste.com.br\/revista\/wp-json\/wp\/v2\/posts"}],"about":[{"href":"https:\/\/www.pescanordeste.com.br\/revista\/wp-json\/wp\/v2\/types\/post"}],"author":[{"embeddable":true,"href":"https:\/\/www.pescanordeste.com.br\/revista\/wp-json\/wp\/v2\/users\/5"}],"replies":[{"embeddable":true,"href":"https:\/\/www.pescanordeste.com.br\/revista\/wp-json\/wp\/v2\/comments?post=2702"}],"version-history":[{"count":1,"href":"https:\/\/www.pescanordeste.com.br\/revista\/wp-json\/wp\/v2\/posts\/2702\/revisions"}],"predecessor-version":[{"id":2703,"href":"https:\/\/www.pescanordeste.com.br\/revista\/wp-json\/wp\/v2\/posts\/2702\/revisions\/2703"}],"wp:attachment":[{"href":"https:\/\/www.pescanordeste.com.br\/revista\/wp-json\/wp\/v2\/media?parent=2702"}],"wp:term":[{"taxonomy":"category","embeddable":true,"href":"https:\/\/www.pescanordeste.com.br\/revista\/wp-json\/wp\/v2\/categories?post=2702"},{"taxonomy":"post_tag","embeddable":true,"href":"https:\/\/www.pescanordeste.com.br\/revista\/wp-json\/wp\/v2\/tags?post=2702"}],"curies":[{"name":"wp","href":"https:\/\/api.w.org\/{rel}","templated":true}]}}