{"id":2700,"date":"2023-05-25T11:50:47","date_gmt":"2023-05-25T14:50:47","guid":{"rendered":"https:\/\/www.pescanordeste.com.br\/revista\/?p=2700"},"modified":"2024-01-04T16:01:15","modified_gmt":"2024-01-04T19:01:15","slug":"museu-da-pesca-42-video-o-mundo-das-iscas-artificiais-parte-08","status":"publish","type":"post","link":"https:\/\/www.pescanordeste.com.br\/revista\/museu-da-pesca-42-video-o-mundo-das-iscas-artificiais-parte-08\/","title":{"rendered":"Museu da Pesca 42 &#8211; V\u00eddeo \u201cO Mundo das Iscas Artificiais\u201d parte 08"},"content":{"rendered":"\n<p>Chegamos finalmente \u00e0s iscas de superf\u00edcie, as preferidas pela maioria dos pescadores. Nada se compara \u00e0 visualiza\u00e7\u00e3o do ataque, embora quase nunca possamos acompanhar como acontece, s\u00f3 vemos a explos\u00e3o e \u00e1gua para todo lado. Mas nada como acompanhar as cenas em \u201cslow\u201d para apreciar melhor o ataque.<\/p>\n\n\n\n<p>Lembramos aos amigos que esse v\u00eddeo foi produzido em 1993, portanto as iscas apresentadas eram \u201ctop\u201d naquele tempo. Saudades das varas \u201cPistol Grip\u201d.<\/p>\n\n\n\n<figure class=\"wp-block-embed is-type-video is-provider-youtube wp-block-embed-youtube wp-embed-aspect-16-9 wp-has-aspect-ratio\"><div class=\"wp-block-embed__wrapper\">\n<iframe loading=\"lazy\" title=\"O Mundo das Iscas Artificiais 08\" width=\"500\" height=\"281\" src=\"https:\/\/www.youtube.com\/embed\/vHdgaOhKzzw?feature=oembed\" frameborder=\"0\" allow=\"accelerometer; autoplay; clipboard-write; encrypted-media; gyroscope; picture-in-picture; web-share\" referrerpolicy=\"strict-origin-when-cross-origin\" allowfullscreen><\/iframe>\n<\/div><\/figure>\n","protected":false},"excerpt":{"rendered":"<p>Chegamos finalmente \u00e0s iscas de superf\u00edcie, as preferidas pela maioria dos pescadores. Nada se compara \u00e0 visualiza\u00e7\u00e3o do ataque, embora quase nunca possamos acompanhar como acontece, s\u00f3 vemos a explos\u00e3o e \u00e1gua para todo lado. Mas nada como acompanhar as cenas em \u201cslow\u201d para apreciar melhor o ataque. Lembramos aos amigos que esse v\u00eddeo foi [&hellip;]<\/p>\n","protected":false},"author":5,"featured_media":0,"comment_status":"closed","ping_status":"closed","sticky":false,"template":"","format":"standard","meta":{"sfsi_plus_gutenberg_text_before_share":"","sfsi_plus_gutenberg_show_text_before_share":"","sfsi_plus_gutenberg_icon_type":"","sfsi_plus_gutenberg_icon_alignemt":"","sfsi_plus_gutenburg_max_per_row":"","footnotes":""},"categories":[166],"tags":[72,51,178,167,208,30,4],"class_list":["post-2700","post","type-post","status-publish","format-standard","hentry","category-museu-da-pesca","tag-isca-artificial","tag-iscas-artificiais","tag-marcao","tag-museu-da-pesca","tag-o-mundo-das-iscas-artificiais","tag-pesca","tag-pescaria"],"_links":{"self":[{"href":"https:\/\/www.pescanordeste.com.br\/revista\/wp-json\/wp\/v2\/posts\/2700","targetHints":{"allow":["GET"]}}],"collection":[{"href":"https:\/\/www.pescanordeste.com.br\/revista\/wp-json\/wp\/v2\/posts"}],"about":[{"href":"https:\/\/www.pescanordeste.com.br\/revista\/wp-json\/wp\/v2\/types\/post"}],"author":[{"embeddable":true,"href":"https:\/\/www.pescanordeste.com.br\/revista\/wp-json\/wp\/v2\/users\/5"}],"replies":[{"embeddable":true,"href":"https:\/\/www.pescanordeste.com.br\/revista\/wp-json\/wp\/v2\/comments?post=2700"}],"version-history":[{"count":1,"href":"https:\/\/www.pescanordeste.com.br\/revista\/wp-json\/wp\/v2\/posts\/2700\/revisions"}],"predecessor-version":[{"id":2701,"href":"https:\/\/www.pescanordeste.com.br\/revista\/wp-json\/wp\/v2\/posts\/2700\/revisions\/2701"}],"wp:attachment":[{"href":"https:\/\/www.pescanordeste.com.br\/revista\/wp-json\/wp\/v2\/media?parent=2700"}],"wp:term":[{"taxonomy":"category","embeddable":true,"href":"https:\/\/www.pescanordeste.com.br\/revista\/wp-json\/wp\/v2\/categories?post=2700"},{"taxonomy":"post_tag","embeddable":true,"href":"https:\/\/www.pescanordeste.com.br\/revista\/wp-json\/wp\/v2\/tags?post=2700"}],"curies":[{"name":"wp","href":"https:\/\/api.w.org\/{rel}","templated":true}]}}