{"id":2692,"date":"2023-05-28T11:48:05","date_gmt":"2023-05-28T14:48:05","guid":{"rendered":"https:\/\/www.pescanordeste.com.br\/revista\/?p=2692"},"modified":"2024-01-04T11:02:47","modified_gmt":"2024-01-04T14:02:47","slug":"museu-da-pesca-45-video-amazonia-fantastica-parte-01","status":"publish","type":"post","link":"https:\/\/www.pescanordeste.com.br\/revista\/museu-da-pesca-45-video-amazonia-fantastica-parte-01\/","title":{"rendered":"Museu da Pesca 45 &#8211; V\u00eddeo \u201cAmaz\u00f4nia Fant\u00e1stica\u201d parte 01"},"content":{"rendered":"\n<p>Acabei de postar o v\u00eddeo \u201cO Mundo das Iscas Artificiais\u201d, produzido em 1993. Como voc\u00eas sabem, fiz v\u00e1rios v\u00eddeos para a Trof\u00e9u Pesca, al\u00e9m dos meus. Vamos, portanto, dar um pulo no tempo e ir para 1997, quando fui contratado pelo Mateus Zillig para gravar um especial sobre a Amaz\u00f4nia, para fazer parte da \u201cB\u00edblia do Pescador\u201d de 1997, edi\u00e7\u00e3o n\u00famero 15.<\/p>\n\n\n\n<p>Cheguei em Manaus e l\u00e1 estavam me esperando o Gugu e o Zenizir, que <a><\/a>na \u00e9poca era o Secret\u00e1rio de Turismo de Presidente Figueiredo, para onde fomos ao sair do aeroporto para fazer uma visita ao prefeito, Romeiro Mendon\u00e7a, que nos apoiou nessa empreitada emprestando seu barco e liberando seu secret\u00e1rio de turismo para nos dar suporte.<\/p>\n\n\n\n<p>At\u00e9 o momento eu n\u00e3o sabia a extens\u00e3o das grava\u00e7\u00f5es e qual o roteiro planejado. Quando soube que a primeira parte seria em busca dos tucunar\u00e9s do rio Uatum\u00e3, exultei, pois sempre foi meu sonho conhecer esse rio, de tanto ouvir as hist\u00f3rias de pesca do Capit\u00e3o Cravo e do Sr. Edison da Casa Pinheiros, que eram fregueses constantes do barco Yana, de propriedade dos donos da Apolo Bando, o Nam\u00e1 e o Soss\u00f3.<\/p>\n\n\n\n<p>S\u00f3 mais tarde, dando umas \u201cgoladas\u201d no velho malte, viajando \u00e0 noite \u00e0 luz da lua, soube que haveria mais duas etapas, uma para o rio Araguaia, e outra para o Xingu, no rio Liberdade. N\u00e3o me lembro quantos dias no total levamos nessa odisseia.<\/p>\n\n\n\n<p>Nessa primeira parte a pescaria come\u00e7ou dif\u00edcil, e j\u00e1 naquela \u00e9poca vimos sinais de depreda\u00e7\u00e3o, como queimadas e desmatamentos ao longo do rio, al\u00e9m das pescarias predat\u00f3rias nos fins de semana, onde chegavam a pegar 500 tucunar\u00e9s numa viagem.<\/p>\n\n\n\n<p>No segundo dia descobrimos o endere\u00e7o dos peixes, com CEP e tudo mais, e no terceiro dia est\u00e1vamos com a miss\u00e3o cumprida.<\/p>\n\n\n\n<p>Vivi muitas emo\u00e7\u00f5es em minhas viagens por esse Brasil de Deus, mas foi no Uatum\u00e3 que vivenciei um dos ataques mais fant\u00e1sticos de um tucunar\u00e9 a uma isca se superf\u00edcie. O peixe escapou, mas deixou a lembran\u00e7a de sua \u201cporrada\u201d para sempre.<\/p>\n\n\n\n<p>Voltando para Manaus, um encontro com o Zenizir para um \u201cchopinho\u201d de despedida e agradecimento, mas coisa r\u00e1pida, pois na madrugada pegar\u00edamos um avi\u00e3o para cumprir a segunda etapa, uma pescaria de pirarara no Rio das Mortes, no Araguaia.<\/p>\n\n\n\n<p>Essa pescaria no rio Uatum\u00e3 foi dividida em tr\u00eas partes, para n\u00e3o ficar cansativa. Antes de colocarmos a primeira, um esclarecimento aos amigos: Esse v\u00eddeo saiu anteriormente pela revista Trof\u00e9u Pesca em fita VHS, e nos anos 2000, j\u00e1 na era dos DVDs, foi relan\u00e7ado pela R\u00e9ia com o t\u00edtulo \u201cAmaz\u00f4nia Fant\u00e1stica\u201d, e bem depois colocado no YouTube. Assim, quem quiser ver o DVD completo, basta acessar em meu canal \u201cMarco Antonio Guerreiro Ferreira\u201d, com o t\u00edtulo \u201cAmaz\u00f4nia Fant\u00e1stica\u201d.<\/p>\n\n\n\n<p>Conforme j\u00e1 expliquei na apresenta\u00e7\u00e3o dessa s\u00e9rie, primeira publica\u00e7\u00e3o, baseado numa conversa que tive com o Jos\u00e9 Augusto (JAugusto Pesca) resolvi editar em partes menores para ficar mais f\u00e1cil de assistir e tamb\u00e9m porque a ideia principal era selecionar imagens de meus v\u00eddeos para deixar um registro das pescarias daqueles tempos, por isso o nome da s\u00e9rie \u201cMuseu da Pesca\u201d, parodiando a p\u00e1gina do amigo. Possivelmente na s\u00e9rie atual (Museu da Pesca) possamos ter cenas que n\u00e3o constam das duas publica\u00e7\u00f5es (VHS e DVDs).<\/p>\n\n\n\n<figure class=\"wp-block-embed is-type-video is-provider-youtube wp-block-embed-youtube wp-embed-aspect-16-9 wp-has-aspect-ratio\"><div class=\"wp-block-embed__wrapper\">\n<iframe loading=\"lazy\" title=\"Gugu no Uatum\u00e3 01 avi\" width=\"500\" height=\"281\" src=\"https:\/\/www.youtube.com\/embed\/MbNPg00fG7w?feature=oembed\" frameborder=\"0\" allow=\"accelerometer; autoplay; clipboard-write; encrypted-media; gyroscope; picture-in-picture; web-share\" referrerpolicy=\"strict-origin-when-cross-origin\" allowfullscreen><\/iframe>\n<\/div><\/figure>\n","protected":false},"excerpt":{"rendered":"<p>Acabei de postar o v\u00eddeo \u201cO Mundo das Iscas Artificiais\u201d, produzido em 1993. Como voc\u00eas sabem, fiz v\u00e1rios v\u00eddeos para a Trof\u00e9u Pesca, al\u00e9m dos meus. Vamos, portanto, dar um pulo no tempo e ir para 1997, quando fui contratado pelo Mateus Zillig para gravar um especial sobre a Amaz\u00f4nia, para fazer parte da \u201cB\u00edblia [&hellip;]<\/p>\n","protected":false},"author":5,"featured_media":0,"comment_status":"closed","ping_status":"closed","sticky":false,"template":"","format":"standard","meta":{"sfsi_plus_gutenberg_text_before_share":"","sfsi_plus_gutenberg_show_text_before_share":"","sfsi_plus_gutenberg_icon_type":"","sfsi_plus_gutenberg_icon_alignemt":"","sfsi_plus_gutenburg_max_per_row":"","footnotes":""},"categories":[166],"tags":[196,210,178,167,30,4,326,129],"class_list":["post-2692","post","type-post","status-publish","format-standard","hentry","category-museu-da-pesca","tag-amazonas","tag-amazonia","tag-marcao","tag-museu-da-pesca","tag-pesca","tag-pescaria","tag-rio-uatuma","tag-tucunare"],"_links":{"self":[{"href":"https:\/\/www.pescanordeste.com.br\/revista\/wp-json\/wp\/v2\/posts\/2692","targetHints":{"allow":["GET"]}}],"collection":[{"href":"https:\/\/www.pescanordeste.com.br\/revista\/wp-json\/wp\/v2\/posts"}],"about":[{"href":"https:\/\/www.pescanordeste.com.br\/revista\/wp-json\/wp\/v2\/types\/post"}],"author":[{"embeddable":true,"href":"https:\/\/www.pescanordeste.com.br\/revista\/wp-json\/wp\/v2\/users\/5"}],"replies":[{"embeddable":true,"href":"https:\/\/www.pescanordeste.com.br\/revista\/wp-json\/wp\/v2\/comments?post=2692"}],"version-history":[{"count":1,"href":"https:\/\/www.pescanordeste.com.br\/revista\/wp-json\/wp\/v2\/posts\/2692\/revisions"}],"predecessor-version":[{"id":2693,"href":"https:\/\/www.pescanordeste.com.br\/revista\/wp-json\/wp\/v2\/posts\/2692\/revisions\/2693"}],"wp:attachment":[{"href":"https:\/\/www.pescanordeste.com.br\/revista\/wp-json\/wp\/v2\/media?parent=2692"}],"wp:term":[{"taxonomy":"category","embeddable":true,"href":"https:\/\/www.pescanordeste.com.br\/revista\/wp-json\/wp\/v2\/categories?post=2692"},{"taxonomy":"post_tag","embeddable":true,"href":"https:\/\/www.pescanordeste.com.br\/revista\/wp-json\/wp\/v2\/tags?post=2692"}],"curies":[{"name":"wp","href":"https:\/\/api.w.org\/{rel}","templated":true}]}}