{"id":2672,"date":"2023-06-07T10:37:23","date_gmt":"2023-06-07T13:37:23","guid":{"rendered":"https:\/\/www.pescanordeste.com.br\/revista\/?p=2672"},"modified":"2024-01-04T08:48:56","modified_gmt":"2024-01-04T11:48:56","slug":"museu-da-pesca-53-video-amazonia-fantastica-gugu-no-rio-liberdade-parte-03","status":"publish","type":"post","link":"https:\/\/www.pescanordeste.com.br\/revista\/museu-da-pesca-53-video-amazonia-fantastica-gugu-no-rio-liberdade-parte-03\/","title":{"rendered":"Museu da Pesca 53 &#8211; V\u00eddeo \u201cAmaz\u00f4nia Fant\u00e1stica\u201d Gugu no Rio Liberdade parte 03"},"content":{"rendered":"\n<p>Hoje confraternizaremos com bicudas, tucunar\u00e9s e cachorras, nesse rio maravilhoso.<\/p>\n\n\n\n<p>Aqui um par\u00eantesis, para dizer que o Gugu foi um dos melhores profissionais com quem trabalhei. Hora de trabalhar, trabalhar, hora de lazer, lazer. Nada de explorar o pobre cinegrafista horas a fio, esquecendo o peso da c\u00e2mera nos ombros dele e insistindo na pesca at\u00e9 depois da luz j\u00e1 ter ido embora, apenas por ser <a><\/a>fominha. Passei por isso v\u00e1rias vezes com outros pescadores.<\/p>\n\n\n\n<p>Fiz uma boa parceria com ele, tanto que chegamos a fazer dupla at\u00e9 no \u201cPrograma Pesca &amp; Cia\u201d, como veremos mais para a frente.<\/p>\n\n\n\n<p>E assim, contando minhas historinhas bem resumidas, apenas para ilustrar um pouco, continuamos nessa caminhada. Hist\u00f3rias completas ficam para outra m\u00eddia&#8230;<\/p>\n\n\n\n<figure class=\"wp-block-embed is-type-video is-provider-youtube wp-block-embed-youtube wp-embed-aspect-16-9 wp-has-aspect-ratio\"><div class=\"wp-block-embed__wrapper\">\n<iframe loading=\"lazy\" title=\"Gugu no Comandante Fontoura 03\" width=\"500\" height=\"281\" src=\"https:\/\/www.youtube.com\/embed\/qitx_G50U4c?feature=oembed\" frameborder=\"0\" allow=\"accelerometer; autoplay; clipboard-write; encrypted-media; gyroscope; picture-in-picture; web-share\" referrerpolicy=\"strict-origin-when-cross-origin\" allowfullscreen><\/iframe>\n<\/div><\/figure>\n","protected":false},"excerpt":{"rendered":"<p>Hoje confraternizaremos com bicudas, tucunar\u00e9s e cachorras, nesse rio maravilhoso. Aqui um par\u00eantesis, para dizer que o Gugu foi um dos melhores profissionais com quem trabalhei. Hora de trabalhar, trabalhar, hora de lazer, lazer. Nada de explorar o pobre cinegrafista horas a fio, esquecendo o peso da c\u00e2mera nos ombros dele e insistindo na pesca [&hellip;]<\/p>\n","protected":false},"author":5,"featured_media":0,"comment_status":"closed","ping_status":"closed","sticky":false,"template":"","format":"standard","meta":{"sfsi_plus_gutenberg_text_before_share":"","sfsi_plus_gutenberg_show_text_before_share":"","sfsi_plus_gutenberg_icon_type":"","sfsi_plus_gutenberg_icon_alignemt":"","sfsi_plus_gutenburg_max_per_row":"","footnotes":""},"categories":[166],"tags":[196,210,317,178,167,30,4],"class_list":["post-2672","post","type-post","status-publish","format-standard","hentry","category-museu-da-pesca","tag-amazonas","tag-amazonia","tag-comandante-fontoura","tag-marcao","tag-museu-da-pesca","tag-pesca","tag-pescaria"],"_links":{"self":[{"href":"https:\/\/www.pescanordeste.com.br\/revista\/wp-json\/wp\/v2\/posts\/2672","targetHints":{"allow":["GET"]}}],"collection":[{"href":"https:\/\/www.pescanordeste.com.br\/revista\/wp-json\/wp\/v2\/posts"}],"about":[{"href":"https:\/\/www.pescanordeste.com.br\/revista\/wp-json\/wp\/v2\/types\/post"}],"author":[{"embeddable":true,"href":"https:\/\/www.pescanordeste.com.br\/revista\/wp-json\/wp\/v2\/users\/5"}],"replies":[{"embeddable":true,"href":"https:\/\/www.pescanordeste.com.br\/revista\/wp-json\/wp\/v2\/comments?post=2672"}],"version-history":[{"count":1,"href":"https:\/\/www.pescanordeste.com.br\/revista\/wp-json\/wp\/v2\/posts\/2672\/revisions"}],"predecessor-version":[{"id":2673,"href":"https:\/\/www.pescanordeste.com.br\/revista\/wp-json\/wp\/v2\/posts\/2672\/revisions\/2673"}],"wp:attachment":[{"href":"https:\/\/www.pescanordeste.com.br\/revista\/wp-json\/wp\/v2\/media?parent=2672"}],"wp:term":[{"taxonomy":"category","embeddable":true,"href":"https:\/\/www.pescanordeste.com.br\/revista\/wp-json\/wp\/v2\/categories?post=2672"},{"taxonomy":"post_tag","embeddable":true,"href":"https:\/\/www.pescanordeste.com.br\/revista\/wp-json\/wp\/v2\/tags?post=2672"}],"curies":[{"name":"wp","href":"https:\/\/api.w.org\/{rel}","templated":true}]}}