{"id":2668,"date":"2023-06-09T08:48:07","date_gmt":"2023-06-09T11:48:07","guid":{"rendered":"https:\/\/www.pescanordeste.com.br\/revista\/?p=2668"},"modified":"2024-01-04T08:38:47","modified_gmt":"2024-01-04T11:38:47","slug":"museu-da-pesca-55-video-amazonia-fantastica-gugu-no-rio-liberdade-parte-05","status":"publish","type":"post","link":"https:\/\/www.pescanordeste.com.br\/revista\/museu-da-pesca-55-video-amazonia-fantastica-gugu-no-rio-liberdade-parte-05\/","title":{"rendered":"Museu da Pesca 55 &#8211; V\u00eddeo \u201cAmaz\u00f4nia Fant\u00e1stica\u201d Gugu no Rio Liberdade parte 05"},"content":{"rendered":"\n<p>Finalmente miss\u00e3o cumprida. Vivemos dias maravilhosos no Rio Liberdade, e na \u00faltima tarde de pescaria a saudade j\u00e1 batia. Quem sabe voltar\u00edamos um dia?<\/p>\n\n\n\n<p>No dia seguinte voamos para o Araguaia, onde o Gaspar deixou a Salete na pousada Kuryala e decolamos para Bras\u00edlia. Nos despedimos com um belo almo\u00e7o e aguardamos o voo de volta para S\u00e3o Paulo, onde prestar\u00edamos conta ao Mateus, dono da revista \u201cTrof\u00e9u Pesca\u201c e ansioso pelos resultados, pois faria parte da \u201cB\u00edblia do Pescador\u201d de 1997, edi\u00e7\u00e3o n\u00famero 15.<\/p>\n\n\n\n<p>Hoje em dia (2023) o Rancho Mata Verde n\u00e3o existe mais. N\u00e3o sei se h\u00e1 empreendimentos tur\u00edstico de pesca esportiva atualmente, mas as lembran\u00e7as se perpetuar\u00e3o para sempre, pelo menos enquanto essas imagens n\u00e3o se perderem com o tempo.<\/p>\n\n\n\n<figure class=\"wp-block-embed is-type-video is-provider-youtube wp-block-embed-youtube wp-embed-aspect-16-9 wp-has-aspect-ratio\"><div class=\"wp-block-embed__wrapper\">\n<iframe loading=\"lazy\" title=\"Gugu no Comandante Fontoura 05\" width=\"500\" height=\"281\" src=\"https:\/\/www.youtube.com\/embed\/x3gSpwoVJgw?feature=oembed\" frameborder=\"0\" allow=\"accelerometer; autoplay; clipboard-write; encrypted-media; gyroscope; picture-in-picture; web-share\" referrerpolicy=\"strict-origin-when-cross-origin\" allowfullscreen><\/iframe>\n<\/div><\/figure>\n","protected":false},"excerpt":{"rendered":"<p>Finalmente miss\u00e3o cumprida. Vivemos dias maravilhosos no Rio Liberdade, e na \u00faltima tarde de pescaria a saudade j\u00e1 batia. Quem sabe voltar\u00edamos um dia? No dia seguinte voamos para o Araguaia, onde o Gaspar deixou a Salete na pousada Kuryala e decolamos para Bras\u00edlia. Nos despedimos com um belo almo\u00e7o e aguardamos o voo de [&hellip;]<\/p>\n","protected":false},"author":5,"featured_media":0,"comment_status":"closed","ping_status":"closed","sticky":false,"template":"","format":"standard","meta":{"sfsi_plus_gutenberg_text_before_share":"","sfsi_plus_gutenberg_show_text_before_share":"","sfsi_plus_gutenberg_icon_type":"","sfsi_plus_gutenberg_icon_alignemt":"","sfsi_plus_gutenburg_max_per_row":"","footnotes":""},"categories":[166],"tags":[196,210,317,178,167,30,4,319,318],"class_list":["post-2668","post","type-post","status-publish","format-standard","hentry","category-museu-da-pesca","tag-amazonas","tag-amazonia","tag-comandante-fontoura","tag-marcao","tag-museu-da-pesca","tag-pesca","tag-pescaria","tag-rancho-mata-verde","tag-rio-liberdade"],"_links":{"self":[{"href":"https:\/\/www.pescanordeste.com.br\/revista\/wp-json\/wp\/v2\/posts\/2668","targetHints":{"allow":["GET"]}}],"collection":[{"href":"https:\/\/www.pescanordeste.com.br\/revista\/wp-json\/wp\/v2\/posts"}],"about":[{"href":"https:\/\/www.pescanordeste.com.br\/revista\/wp-json\/wp\/v2\/types\/post"}],"author":[{"embeddable":true,"href":"https:\/\/www.pescanordeste.com.br\/revista\/wp-json\/wp\/v2\/users\/5"}],"replies":[{"embeddable":true,"href":"https:\/\/www.pescanordeste.com.br\/revista\/wp-json\/wp\/v2\/comments?post=2668"}],"version-history":[{"count":1,"href":"https:\/\/www.pescanordeste.com.br\/revista\/wp-json\/wp\/v2\/posts\/2668\/revisions"}],"predecessor-version":[{"id":2669,"href":"https:\/\/www.pescanordeste.com.br\/revista\/wp-json\/wp\/v2\/posts\/2668\/revisions\/2669"}],"wp:attachment":[{"href":"https:\/\/www.pescanordeste.com.br\/revista\/wp-json\/wp\/v2\/media?parent=2668"}],"wp:term":[{"taxonomy":"category","embeddable":true,"href":"https:\/\/www.pescanordeste.com.br\/revista\/wp-json\/wp\/v2\/categories?post=2668"},{"taxonomy":"post_tag","embeddable":true,"href":"https:\/\/www.pescanordeste.com.br\/revista\/wp-json\/wp\/v2\/tags?post=2668"}],"curies":[{"name":"wp","href":"https:\/\/api.w.org\/{rel}","templated":true}]}}