{"id":2660,"date":"2023-06-15T12:11:42","date_gmt":"2023-06-15T15:11:42","guid":{"rendered":"https:\/\/www.pescanordeste.com.br\/revista\/?p=2660"},"modified":"2024-01-03T17:08:32","modified_gmt":"2024-01-03T20:08:32","slug":"museu-da-pesca-61-video-a-pesca-do-tucunare-parte-01","status":"publish","type":"post","link":"https:\/\/www.pescanordeste.com.br\/revista\/museu-da-pesca-61-video-a-pesca-do-tucunare-parte-01\/","title":{"rendered":"Museu da Pesca 61 &#8211; V\u00eddeo \u201cA Pesca do Tucunar\u00e9\u201d parte 01"},"content":{"rendered":"\n<p>Todo pa\u00eds tem seus s\u00edmbolos, seu idioma, sua bandeira, seu folclore e sua fauna.<\/p>\n\n\n\n<p>Os americanos, por exemplo, t\u00eam como s\u00edmbolo na pesca esportiva o Black Bass. Os argentinos, a truta. N\u00f3s, brasileiros, temos o tucunar\u00e9. Ele carrega no corpo as cores de nossa bandeira.<\/p>\n\n\n\n<p>O verde, o amarelo e o azul, e no esp\u00edrito a personalidade de nosso povo, alegre, extrovertido e impetuoso.<\/p>\n\n\n\n<p>Que outro peixe pode dar ao pescador esportivo <a><\/a>tanta emo\u00e7\u00e3o e tanto divertimento?<\/p>\n\n\n\n<p>Vamos preservar nossos s\u00edmbolos e cultivar nosso esp\u00edrito, n\u00e3o poluindo, n\u00e3o desmatando e n\u00e3o depredando o meio ambiente.<\/p>\n\n\n\n<p>Foi assim que me respondeu o Feij\u00e3o (Jo\u00e3o Carlos de Souza Neto) quando perguntei de que maneira poder\u00edamos apresentar o tucunar\u00e9 em nosso v\u00eddeo.<\/p>\n\n\n\n<p>Ele estava certo e o tucunar\u00e9 se tornou o embaixador do Brasil na pesca esportiva.<\/p>\n\n\n\n<p>Fomos atr\u00e1s dele na Amaz\u00f4nia e em represas do sudeste onde foi introduzido, e em 1995 foi lan\u00e7ado o v\u00eddeo em VHS. Na Amaz\u00f4nia gravamos no rio Marmelo, afluente do Madeira, e nas represas do sudeste em Pereira Barreto e Santa Clara do Oeste.<\/p>\n\n\n\n<p>Na primeira parte sa\u00edmos de S\u00e3o Paulo para Manaus, e ap\u00f3s pernoite embarcamos em t\u00e1xi a\u00e9reo para Manicor\u00e9, onde sa\u00edmos de voadeiras com destino ao acampamento da \u201cFishing Safaris\u201d, muito bem organizado. Tinham nos informado que a viagem de Manicor\u00e9 at\u00e9 o acampamento duraria duas horas, mas na realidade levamos sete horas at\u00e9 chegar l\u00e1. Eu at\u00e9 que gostei.<\/p>\n\n\n\n<p>Meu companheiro de barco e barraca foi o Paulo Cesar, nosso \u201cPresidente\u201d. Assim sendo, nessa primeira parte a pescaria foi voltada \u00e0 pesca com mosca. O Paulo estava pescando com equipamento leve, pois estava se recuperando de uma cirurgia e estava mais preocupado em curtir as maravilhas do local.<\/p>\n\n\n\n<p>Nesse meu breve relato dessa aventura n\u00e3o posso deixar de comentar um fato in\u00e9dito para os pescadores com mosca e que conheceram o Paulo. Ele tinha levado uma carretilha ABU 6500 carregada com monofilamento, n\u00e3o me lembro a capacidade, e duas iscas artificiais com h\u00e9lices, grandes, padr\u00e3o usado pelos americanos na pescaria do tucunar\u00e9 na Amaz\u00f4nia.<\/p>\n\n\n\n<p>Foi a primeira e \u00faltima vez que vi o Paulinho n\u00e3o pescar com mosca, e acho que ningu\u00e9m viu!<\/p>\n\n\n\n<p>Chega de papo e vamos \u00e0 primeira parte.<\/p>\n\n\n\n<figure class=\"wp-block-embed is-type-video is-provider-youtube wp-block-embed-youtube wp-embed-aspect-16-9 wp-has-aspect-ratio\"><div class=\"wp-block-embed__wrapper\">\n<iframe loading=\"lazy\" title=\"A Pesca do Tucunar\u00e9 01\" width=\"500\" height=\"281\" src=\"https:\/\/www.youtube.com\/embed\/NhNr4h9V5uw?feature=oembed\" frameborder=\"0\" allow=\"accelerometer; autoplay; clipboard-write; encrypted-media; gyroscope; picture-in-picture; web-share\" referrerpolicy=\"strict-origin-when-cross-origin\" allowfullscreen><\/iframe>\n<\/div><\/figure>\n","protected":false},"excerpt":{"rendered":"<p>Todo pa\u00eds tem seus s\u00edmbolos, seu idioma, sua bandeira, seu folclore e sua fauna. Os americanos, por exemplo, t\u00eam como s\u00edmbolo na pesca esportiva o Black Bass. Os argentinos, a truta. N\u00f3s, brasileiros, temos o tucunar\u00e9. Ele carrega no corpo as cores de nossa bandeira. O verde, o amarelo e o azul, e no esp\u00edrito [&hellip;]<\/p>\n","protected":false},"author":5,"featured_media":0,"comment_status":"closed","ping_status":"closed","sticky":false,"template":"","format":"standard","meta":{"sfsi_plus_gutenberg_text_before_share":"","sfsi_plus_gutenberg_show_text_before_share":"","sfsi_plus_gutenberg_icon_type":"","sfsi_plus_gutenberg_icon_alignemt":"","sfsi_plus_gutenburg_max_per_row":"","footnotes":""},"categories":[166],"tags":[306,178,167,308,30,4,309,311,310,307,312,129],"class_list":["post-2660","post","type-post","status-publish","format-standard","hentry","category-museu-da-pesca","tag-a-pesca-do-tucunare","tag-marcao","tag-museu-da-pesca","tag-pereira-barreto","tag-pesca","tag-pescaria","tag-rio-amarelo","tag-rio-madeira","tag-rio-marmelo","tag-santa-clara-doeste","tag-santa-clara-do-oeste","tag-tucunare"],"_links":{"self":[{"href":"https:\/\/www.pescanordeste.com.br\/revista\/wp-json\/wp\/v2\/posts\/2660","targetHints":{"allow":["GET"]}}],"collection":[{"href":"https:\/\/www.pescanordeste.com.br\/revista\/wp-json\/wp\/v2\/posts"}],"about":[{"href":"https:\/\/www.pescanordeste.com.br\/revista\/wp-json\/wp\/v2\/types\/post"}],"author":[{"embeddable":true,"href":"https:\/\/www.pescanordeste.com.br\/revista\/wp-json\/wp\/v2\/users\/5"}],"replies":[{"embeddable":true,"href":"https:\/\/www.pescanordeste.com.br\/revista\/wp-json\/wp\/v2\/comments?post=2660"}],"version-history":[{"count":1,"href":"https:\/\/www.pescanordeste.com.br\/revista\/wp-json\/wp\/v2\/posts\/2660\/revisions"}],"predecessor-version":[{"id":2661,"href":"https:\/\/www.pescanordeste.com.br\/revista\/wp-json\/wp\/v2\/posts\/2660\/revisions\/2661"}],"wp:attachment":[{"href":"https:\/\/www.pescanordeste.com.br\/revista\/wp-json\/wp\/v2\/media?parent=2660"}],"wp:term":[{"taxonomy":"category","embeddable":true,"href":"https:\/\/www.pescanordeste.com.br\/revista\/wp-json\/wp\/v2\/categories?post=2660"},{"taxonomy":"post_tag","embeddable":true,"href":"https:\/\/www.pescanordeste.com.br\/revista\/wp-json\/wp\/v2\/tags?post=2660"}],"curies":[{"name":"wp","href":"https:\/\/api.w.org\/{rel}","templated":true}]}}