{"id":2658,"date":"2023-06-16T09:29:07","date_gmt":"2023-06-16T12:29:07","guid":{"rendered":"https:\/\/www.pescanordeste.com.br\/revista\/?p=2658"},"modified":"2024-01-03T17:05:47","modified_gmt":"2024-01-03T20:05:47","slug":"museu-da-pesca-62-video-a-pesca-do-tucunare-parte-02","status":"publish","type":"post","link":"https:\/\/www.pescanordeste.com.br\/revista\/museu-da-pesca-62-video-a-pesca-do-tucunare-parte-02\/","title":{"rendered":"Museu da Pesca 62 &#8211; V\u00eddeo \u201cA Pesca do Tucunar\u00e9\u201d parte 02"},"content":{"rendered":"\n<p>Como seria de se esperar, o Feij\u00e3o e o Guila n\u00e3o podiam perder a oportunidade de pescar com o Paulo e aprender alguma coisa.<\/p>\n\n\n\n<p>Hoje foi o dia do Feij\u00e3o ficar com ele, e assim o Guila ficou comigo. O Paulinho estava se recuperando de uma cirurgia, como falei antes, e estava meio debilitado. Se n\u00e3o me engano estava usando vara 8. Numa ocasi\u00e3o, quando pegou um tucunar\u00e9 maiorzinho, n\u00e3o teve for\u00e7as para retir\u00e1-lo da \u00e1gua, mas em <a><\/a>vez de ficar aborrecido, deu risada, mostrando o alto astral que possu\u00eda.<\/p>\n\n\n\n<p>Tive o prazer de pescar v\u00e1rias vezes com ele, momentos inesquec\u00edveis. Viva o \u201cPresidente\u201d!<\/p>\n\n\n\n<figure class=\"wp-block-embed is-type-video is-provider-youtube wp-block-embed-youtube wp-embed-aspect-16-9 wp-has-aspect-ratio\"><div class=\"wp-block-embed__wrapper\">\n<iframe loading=\"lazy\" title=\"A Pesca do Tucunar\u00e9 02\" width=\"500\" height=\"281\" src=\"https:\/\/www.youtube.com\/embed\/0XQZPXODLkA?feature=oembed\" frameborder=\"0\" allow=\"accelerometer; autoplay; clipboard-write; encrypted-media; gyroscope; picture-in-picture; web-share\" referrerpolicy=\"strict-origin-when-cross-origin\" allowfullscreen><\/iframe>\n<\/div><\/figure>\n","protected":false},"excerpt":{"rendered":"<p>Como seria de se esperar, o Feij\u00e3o e o Guila n\u00e3o podiam perder a oportunidade de pescar com o Paulo e aprender alguma coisa. Hoje foi o dia do Feij\u00e3o ficar com ele, e assim o Guila ficou comigo. O Paulinho estava se recuperando de uma cirurgia, como falei antes, e estava meio debilitado. Se [&hellip;]<\/p>\n","protected":false},"author":5,"featured_media":0,"comment_status":"closed","ping_status":"closed","sticky":false,"template":"","format":"standard","meta":{"sfsi_plus_gutenberg_text_before_share":"","sfsi_plus_gutenberg_show_text_before_share":"","sfsi_plus_gutenberg_icon_type":"","sfsi_plus_gutenberg_icon_alignemt":"","sfsi_plus_gutenburg_max_per_row":"","footnotes":""},"categories":[166],"tags":[306,178,167,30,4,129],"class_list":["post-2658","post","type-post","status-publish","format-standard","hentry","category-museu-da-pesca","tag-a-pesca-do-tucunare","tag-marcao","tag-museu-da-pesca","tag-pesca","tag-pescaria","tag-tucunare"],"_links":{"self":[{"href":"https:\/\/www.pescanordeste.com.br\/revista\/wp-json\/wp\/v2\/posts\/2658","targetHints":{"allow":["GET"]}}],"collection":[{"href":"https:\/\/www.pescanordeste.com.br\/revista\/wp-json\/wp\/v2\/posts"}],"about":[{"href":"https:\/\/www.pescanordeste.com.br\/revista\/wp-json\/wp\/v2\/types\/post"}],"author":[{"embeddable":true,"href":"https:\/\/www.pescanordeste.com.br\/revista\/wp-json\/wp\/v2\/users\/5"}],"replies":[{"embeddable":true,"href":"https:\/\/www.pescanordeste.com.br\/revista\/wp-json\/wp\/v2\/comments?post=2658"}],"version-history":[{"count":1,"href":"https:\/\/www.pescanordeste.com.br\/revista\/wp-json\/wp\/v2\/posts\/2658\/revisions"}],"predecessor-version":[{"id":2659,"href":"https:\/\/www.pescanordeste.com.br\/revista\/wp-json\/wp\/v2\/posts\/2658\/revisions\/2659"}],"wp:attachment":[{"href":"https:\/\/www.pescanordeste.com.br\/revista\/wp-json\/wp\/v2\/media?parent=2658"}],"wp:term":[{"taxonomy":"category","embeddable":true,"href":"https:\/\/www.pescanordeste.com.br\/revista\/wp-json\/wp\/v2\/categories?post=2658"},{"taxonomy":"post_tag","embeddable":true,"href":"https:\/\/www.pescanordeste.com.br\/revista\/wp-json\/wp\/v2\/tags?post=2658"}],"curies":[{"name":"wp","href":"https:\/\/api.w.org\/{rel}","templated":true}]}}