{"id":2656,"date":"2023-06-17T09:43:47","date_gmt":"2023-06-17T12:43:47","guid":{"rendered":"https:\/\/www.pescanordeste.com.br\/revista\/?p=2656"},"modified":"2024-01-03T17:03:30","modified_gmt":"2024-01-03T20:03:30","slug":"museu-da-pesca-63-video-a-pesca-do-tucunare-parte-03-pereira-barreto","status":"publish","type":"post","link":"https:\/\/www.pescanordeste.com.br\/revista\/museu-da-pesca-63-video-a-pesca-do-tucunare-parte-03-pereira-barreto\/","title":{"rendered":"Museu da Pesca 63 &#8211; V\u00eddeo \u201cA Pesca do Tucunar\u00e9\u201d parte 03 Pereira Barreto"},"content":{"rendered":"\n<p>Completamos nossas grava\u00e7\u00f5es no rio Marmelo, na Amaz\u00f4nia, e agora era a vez dos tucunar\u00e9s do sudeste. J\u00e1 conhec\u00edamos os azuis de Itumbiara e dessa vez fomos procur\u00e1-los na represa de Tr\u00eas Irm\u00e3os, formada pelo rio Tiet\u00ea, e na represa de Ilha Solteira, no rio Paran\u00e1. Est\u00e1vamos hospedados no Din\u00e2mica das \u00c1guas, em Pereira Barreto, e alcan\u00e7\u00e1vamos Ilha Solteira pelo canal artificial entre Tr\u00eas Irm\u00e3os e o rio <a><\/a>S\u00e3o Jos\u00e9 dos Dourados.<\/p>\n\n\n\n<p>Nessas grava\u00e7\u00f5es apresentamos cenas das pescarias que realizamos com os amigos e que nos trazem agrad\u00e1veis lembran\u00e7as, um dos motivos de eu estar fazendo essa retrospectiva, viajando por minhas mem\u00f3rias.<\/p>\n\n\n\n<p>E como sempre, a companhia inestim\u00e1vel do \u201cPresidente\u201d!<\/p>\n\n\n\n<figure class=\"wp-block-embed is-type-video is-provider-youtube wp-block-embed-youtube wp-embed-aspect-16-9 wp-has-aspect-ratio\"><div class=\"wp-block-embed__wrapper\">\n<iframe loading=\"lazy\" title=\"Pereira Barreto\" width=\"500\" height=\"281\" src=\"https:\/\/www.youtube.com\/embed\/Q-WCOWCGQHg?feature=oembed\" frameborder=\"0\" allow=\"accelerometer; autoplay; clipboard-write; encrypted-media; gyroscope; picture-in-picture; web-share\" referrerpolicy=\"strict-origin-when-cross-origin\" allowfullscreen><\/iframe>\n<\/div><\/figure>\n","protected":false},"excerpt":{"rendered":"<p>Completamos nossas grava\u00e7\u00f5es no rio Marmelo, na Amaz\u00f4nia, e agora era a vez dos tucunar\u00e9s do sudeste. J\u00e1 conhec\u00edamos os azuis de Itumbiara e dessa vez fomos procur\u00e1-los na represa de Tr\u00eas Irm\u00e3os, formada pelo rio Tiet\u00ea, e na represa de Ilha Solteira, no rio Paran\u00e1. Est\u00e1vamos hospedados no Din\u00e2mica das \u00c1guas, em Pereira Barreto, [&hellip;]<\/p>\n","protected":false},"author":5,"featured_media":0,"comment_status":"closed","ping_status":"closed","sticky":false,"template":"","format":"standard","meta":{"sfsi_plus_gutenberg_text_before_share":"","sfsi_plus_gutenberg_show_text_before_share":"","sfsi_plus_gutenberg_icon_type":"","sfsi_plus_gutenberg_icon_alignemt":"","sfsi_plus_gutenburg_max_per_row":"","footnotes":""},"categories":[166],"tags":[306,178,167,308,30,4,129],"class_list":["post-2656","post","type-post","status-publish","format-standard","hentry","category-museu-da-pesca","tag-a-pesca-do-tucunare","tag-marcao","tag-museu-da-pesca","tag-pereira-barreto","tag-pesca","tag-pescaria","tag-tucunare"],"_links":{"self":[{"href":"https:\/\/www.pescanordeste.com.br\/revista\/wp-json\/wp\/v2\/posts\/2656","targetHints":{"allow":["GET"]}}],"collection":[{"href":"https:\/\/www.pescanordeste.com.br\/revista\/wp-json\/wp\/v2\/posts"}],"about":[{"href":"https:\/\/www.pescanordeste.com.br\/revista\/wp-json\/wp\/v2\/types\/post"}],"author":[{"embeddable":true,"href":"https:\/\/www.pescanordeste.com.br\/revista\/wp-json\/wp\/v2\/users\/5"}],"replies":[{"embeddable":true,"href":"https:\/\/www.pescanordeste.com.br\/revista\/wp-json\/wp\/v2\/comments?post=2656"}],"version-history":[{"count":1,"href":"https:\/\/www.pescanordeste.com.br\/revista\/wp-json\/wp\/v2\/posts\/2656\/revisions"}],"predecessor-version":[{"id":2657,"href":"https:\/\/www.pescanordeste.com.br\/revista\/wp-json\/wp\/v2\/posts\/2656\/revisions\/2657"}],"wp:attachment":[{"href":"https:\/\/www.pescanordeste.com.br\/revista\/wp-json\/wp\/v2\/media?parent=2656"}],"wp:term":[{"taxonomy":"category","embeddable":true,"href":"https:\/\/www.pescanordeste.com.br\/revista\/wp-json\/wp\/v2\/categories?post=2656"},{"taxonomy":"post_tag","embeddable":true,"href":"https:\/\/www.pescanordeste.com.br\/revista\/wp-json\/wp\/v2\/tags?post=2656"}],"curies":[{"name":"wp","href":"https:\/\/api.w.org\/{rel}","templated":true}]}}