{"id":2654,"date":"2023-06-18T11:17:34","date_gmt":"2023-06-18T14:17:34","guid":{"rendered":"https:\/\/www.pescanordeste.com.br\/revista\/?p=2654"},"modified":"2024-01-03T17:00:29","modified_gmt":"2024-01-03T20:00:29","slug":"museu-da-pesca-64-video-a-pesca-do-tucunare-parte-04-santa-clara-doeste","status":"publish","type":"post","link":"https:\/\/www.pescanordeste.com.br\/revista\/museu-da-pesca-64-video-a-pesca-do-tucunare-parte-04-santa-clara-doeste\/","title":{"rendered":"Museu da Pesca 64 &#8211; V\u00eddeo \u201cA Pesca do Tucunar\u00e9\u201d parte 04 Santa Clara d`Oeste"},"content":{"rendered":"\n<p>Finalizamos nosso v\u00eddeo em Santa Clara d`Oeste, dessa vez com o amigo Ismar Gomes, companheiro de outras aventuras. N\u00e3o colocamos todas as capturas, s\u00f3 o suficiente para registrar a ocasi\u00e3o. Contamos com o apoio e estrutura de nosso amigo Pedro Perondini, propriet\u00e1rio do pesqueiro, ocasi\u00e3o que conhecemos o piloteiro \u201cCareca\u201d, grande parceiro.<\/p>\n\n\n\n<p>O pesqueiro do Sr. Pedro Perondini, s\u00edtio S\u00e3o Pedro, estava <a><\/a>localizado no marco zero do rio Paran\u00e1, formado pelos rios Parana\u00edba e Grande, noroeste do estado de S\u00e3o Paulo.<\/p>\n\n\n\n<p>Muitos anos se passaram, e n\u00e3o temos mais not\u00edcias do Sr. Pedro nem do pesqueiro. Se algu\u00e9m souber, por favor nos informem. Grande abra\u00e7o a todos.<\/p>\n\n\n\n<figure class=\"wp-block-embed is-type-video is-provider-youtube wp-block-embed-youtube wp-embed-aspect-16-9 wp-has-aspect-ratio\"><div class=\"wp-block-embed__wrapper\">\n<iframe loading=\"lazy\" title=\"Santa Clara D`Oeste\" width=\"500\" height=\"281\" src=\"https:\/\/www.youtube.com\/embed\/FWqebdPU4vw?feature=oembed\" frameborder=\"0\" allow=\"accelerometer; autoplay; clipboard-write; encrypted-media; gyroscope; picture-in-picture; web-share\" referrerpolicy=\"strict-origin-when-cross-origin\" allowfullscreen><\/iframe>\n<\/div><\/figure>\n","protected":false},"excerpt":{"rendered":"<p>Finalizamos nosso v\u00eddeo em Santa Clara d`Oeste, dessa vez com o amigo Ismar Gomes, companheiro de outras aventuras. N\u00e3o colocamos todas as capturas, s\u00f3 o suficiente para registrar a ocasi\u00e3o. Contamos com o apoio e estrutura de nosso amigo Pedro Perondini, propriet\u00e1rio do pesqueiro, ocasi\u00e3o que conhecemos o piloteiro \u201cCareca\u201d, grande parceiro. O pesqueiro do [&hellip;]<\/p>\n","protected":false},"author":5,"featured_media":0,"comment_status":"closed","ping_status":"closed","sticky":false,"template":"","format":"standard","meta":{"sfsi_plus_gutenberg_text_before_share":"","sfsi_plus_gutenberg_show_text_before_share":"","sfsi_plus_gutenberg_icon_type":"","sfsi_plus_gutenberg_icon_alignemt":"","sfsi_plus_gutenburg_max_per_row":"","footnotes":""},"categories":[166],"tags":[306,178,167,30,4,273,307,129],"class_list":["post-2654","post","type-post","status-publish","format-standard","hentry","category-museu-da-pesca","tag-a-pesca-do-tucunare","tag-marcao","tag-museu-da-pesca","tag-pesca","tag-pescaria","tag-rio-parana","tag-santa-clara-doeste","tag-tucunare"],"_links":{"self":[{"href":"https:\/\/www.pescanordeste.com.br\/revista\/wp-json\/wp\/v2\/posts\/2654","targetHints":{"allow":["GET"]}}],"collection":[{"href":"https:\/\/www.pescanordeste.com.br\/revista\/wp-json\/wp\/v2\/posts"}],"about":[{"href":"https:\/\/www.pescanordeste.com.br\/revista\/wp-json\/wp\/v2\/types\/post"}],"author":[{"embeddable":true,"href":"https:\/\/www.pescanordeste.com.br\/revista\/wp-json\/wp\/v2\/users\/5"}],"replies":[{"embeddable":true,"href":"https:\/\/www.pescanordeste.com.br\/revista\/wp-json\/wp\/v2\/comments?post=2654"}],"version-history":[{"count":1,"href":"https:\/\/www.pescanordeste.com.br\/revista\/wp-json\/wp\/v2\/posts\/2654\/revisions"}],"predecessor-version":[{"id":2655,"href":"https:\/\/www.pescanordeste.com.br\/revista\/wp-json\/wp\/v2\/posts\/2654\/revisions\/2655"}],"wp:attachment":[{"href":"https:\/\/www.pescanordeste.com.br\/revista\/wp-json\/wp\/v2\/media?parent=2654"}],"wp:term":[{"taxonomy":"category","embeddable":true,"href":"https:\/\/www.pescanordeste.com.br\/revista\/wp-json\/wp\/v2\/categories?post=2654"},{"taxonomy":"post_tag","embeddable":true,"href":"https:\/\/www.pescanordeste.com.br\/revista\/wp-json\/wp\/v2\/tags?post=2654"}],"curies":[{"name":"wp","href":"https:\/\/api.w.org\/{rel}","templated":true}]}}