{"id":2652,"date":"2023-06-19T08:55:05","date_gmt":"2023-06-19T11:55:05","guid":{"rendered":"https:\/\/www.pescanordeste.com.br\/revista\/?p=2652"},"modified":"2024-01-03T16:57:50","modified_gmt":"2024-01-03T19:57:50","slug":"museu-da-pesca-65-programa-caminhos-da-pesca-era-uma-vez-em-arraial-do-cabo-01","status":"publish","type":"post","link":"https:\/\/www.pescanordeste.com.br\/revista\/museu-da-pesca-65-programa-caminhos-da-pesca-era-uma-vez-em-arraial-do-cabo-01\/","title":{"rendered":"Museu da Pesca 65 &#8211; Programa \u201cCaminhos da Pesca\u201d &#8211; Era uma vez em Arraial do Cabo 01"},"content":{"rendered":"\n<p>Bem, pessoal, mais uma vez estou quebrando a ordem das postagens. Pela ordem dos acontecimentos seria a vez do v\u00eddeo \u201cTucunar\u00e9 \u2013 O Gigante da Amaz\u00f4nia\u201d, mas j\u00e1 foi postado nos \u201cMuseu da Pesca\u201d 32 a 34. Assim, vou apresentar uma grava\u00e7\u00e3o em Arraial do Cabo que foi utilizada em um programa de pesca na televis\u00e3o tempos depois. Para ser franco n\u00e3o me lembro o ano, sei com certeza que era d\u00e9cada de <a><\/a>90, e entre uma viagem e outra ia pescar e gravar com os amigos. Meu projeto antigo era gravar uma pescaria de anequim (Mako) em Arraial do Cabo, desde que capturamos um conforme j\u00e1 descrito em nossas postagens \u201cMuseu da Pesca\u201d, de n\u00fameros 15 a 17.<\/p>\n\n\n\n<p>Pois bem, calhou que ir\u00edamos para Arraial mais uma vez, para pescar dourados e quem sabe um Mako. Os barcos j\u00e1 estavam providenciados, com os pescadores Raimundo e Darinho, O Raimundo inclusive ficou grande amigo nosso, e por bastante tempo mantivemos correspond\u00eancia por cartas, at\u00e9 que um dia soubemos de sua morte, antes de podermos voltar e tentar a t\u00e3o planejada e nunca realizada pescaria de anequim. O Humberto, pescador dos primeiros tempos, j\u00e1 havia falecido.<\/p>\n\n\n\n<p>Nessa viagem mais uma vez a pescaria de tubar\u00e3o ficou adiada. Pegamos muitos dourados e bonitos, mas num dia de mar violento, ainda sem sair para alto mar, uma grande onda invadiu nosso barco e danificou nossa c\u00e2mera. Ainda bem, acho que foi um aviso para n\u00e3o sairmos barra \u00e0 fora, mas naquela idade \u00e9ramos todos meio irrespons\u00e1veis, pelo menos quando se tratava de pescaria.<\/p>\n\n\n\n<p>Essas imagens foram capturadas com equipamento melhor, e embora n\u00e3o tenham gerado v\u00eddeos, foram usadas no programa \u201cCaminhos da Pesca\u201d, da \u201cCa\u00e7a e Pesca de Pinheiros\u201d, veiculado na TV Manchete.<\/p>\n\n\n\n<p>Vamos \u00e0 primeira parte:<\/p>\n\n\n\n<figure class=\"wp-block-embed is-type-video is-provider-youtube wp-block-embed-youtube wp-embed-aspect-16-9 wp-has-aspect-ratio\"><div class=\"wp-block-embed__wrapper\">\n<iframe loading=\"lazy\" title=\"Era uma vez Arraial do Cabo 01 A\" width=\"500\" height=\"281\" src=\"https:\/\/www.youtube.com\/embed\/UoiE7zDeH9E?feature=oembed\" frameborder=\"0\" allow=\"accelerometer; autoplay; clipboard-write; encrypted-media; gyroscope; picture-in-picture; web-share\" referrerpolicy=\"strict-origin-when-cross-origin\" allowfullscreen><\/iframe>\n<\/div><\/figure>\n","protected":false},"excerpt":{"rendered":"<p>Bem, pessoal, mais uma vez estou quebrando a ordem das postagens. Pela ordem dos acontecimentos seria a vez do v\u00eddeo \u201cTucunar\u00e9 \u2013 O Gigante da Amaz\u00f4nia\u201d, mas j\u00e1 foi postado nos \u201cMuseu da Pesca\u201d 32 a 34. Assim, vou apresentar uma grava\u00e7\u00e3o em Arraial do Cabo que foi utilizada em um programa de pesca na [&hellip;]<\/p>\n","protected":false},"author":5,"featured_media":0,"comment_status":"closed","ping_status":"closed","sticky":false,"template":"","format":"standard","meta":{"sfsi_plus_gutenberg_text_before_share":"","sfsi_plus_gutenberg_show_text_before_share":"","sfsi_plus_gutenberg_icon_type":"","sfsi_plus_gutenberg_icon_alignemt":"","sfsi_plus_gutenburg_max_per_row":"","footnotes":""},"categories":[166],"tags":[241,188,178,167,30,4],"class_list":["post-2652","post","type-post","status-publish","format-standard","hentry","category-museu-da-pesca","tag-arraial-do-cabo","tag-caminhos-da-pesca","tag-marcao","tag-museu-da-pesca","tag-pesca","tag-pescaria"],"_links":{"self":[{"href":"https:\/\/www.pescanordeste.com.br\/revista\/wp-json\/wp\/v2\/posts\/2652","targetHints":{"allow":["GET"]}}],"collection":[{"href":"https:\/\/www.pescanordeste.com.br\/revista\/wp-json\/wp\/v2\/posts"}],"about":[{"href":"https:\/\/www.pescanordeste.com.br\/revista\/wp-json\/wp\/v2\/types\/post"}],"author":[{"embeddable":true,"href":"https:\/\/www.pescanordeste.com.br\/revista\/wp-json\/wp\/v2\/users\/5"}],"replies":[{"embeddable":true,"href":"https:\/\/www.pescanordeste.com.br\/revista\/wp-json\/wp\/v2\/comments?post=2652"}],"version-history":[{"count":1,"href":"https:\/\/www.pescanordeste.com.br\/revista\/wp-json\/wp\/v2\/posts\/2652\/revisions"}],"predecessor-version":[{"id":2653,"href":"https:\/\/www.pescanordeste.com.br\/revista\/wp-json\/wp\/v2\/posts\/2652\/revisions\/2653"}],"wp:attachment":[{"href":"https:\/\/www.pescanordeste.com.br\/revista\/wp-json\/wp\/v2\/media?parent=2652"}],"wp:term":[{"taxonomy":"category","embeddable":true,"href":"https:\/\/www.pescanordeste.com.br\/revista\/wp-json\/wp\/v2\/categories?post=2652"},{"taxonomy":"post_tag","embeddable":true,"href":"https:\/\/www.pescanordeste.com.br\/revista\/wp-json\/wp\/v2\/tags?post=2652"}],"curies":[{"name":"wp","href":"https:\/\/api.w.org\/{rel}","templated":true}]}}