{"id":2650,"date":"2023-06-20T11:04:33","date_gmt":"2023-06-20T14:04:33","guid":{"rendered":"https:\/\/www.pescanordeste.com.br\/revista\/?p=2650"},"modified":"2024-01-03T16:08:12","modified_gmt":"2024-01-03T19:08:12","slug":"museu-da-pesca-66-programa-caminhos-da-pesca-era-uma-vez-em-arraial-do-cabo-02","status":"publish","type":"post","link":"https:\/\/www.pescanordeste.com.br\/revista\/museu-da-pesca-66-programa-caminhos-da-pesca-era-uma-vez-em-arraial-do-cabo-02\/","title":{"rendered":"Museu da Pesca 66 &#8211; Programa \u201cCaminhos da Pesca\u201d &#8211; Era uma vez em Arraial do Cabo 02"},"content":{"rendered":"\n<p>Nessa segunda parte focaremos a pescaria de bonitos e afins. Paramos as grava\u00e7\u00f5es por perda da c\u00e2mera, mas j\u00e1 t\u00ednhamos essas cenas gravadas em outra fita S-VHS, por sorte. Ainda salvamos parte da pescaria do Ismar com o maior dourado da temporada, e no final tudo valeu a pena. Essa pescaria conto em detalhes em outra ocasi\u00e3o. Para finalizar, informamos que as pescarias de dourados eram feitas em \u00e1gua azul, mar aberto, e as de bonito e enchovas no cost\u00e3o, margeando a \u201cPonta do Focinho\u201d em toda sua extens\u00e3o. Dependendo do ponto, peg\u00e1vamos \u00e1guas calmas ou agitadas.<\/p>\n\n\n\n<figure class=\"wp-block-embed is-type-video is-provider-youtube wp-block-embed-youtube wp-embed-aspect-16-9 wp-has-aspect-ratio\"><div class=\"wp-block-embed__wrapper\">\n<iframe loading=\"lazy\" title=\"Era uma vez     Arraial do Cabo 02\" width=\"500\" height=\"281\" src=\"https:\/\/www.youtube.com\/embed\/NWDZKyJ94JE?feature=oembed\" frameborder=\"0\" allow=\"accelerometer; autoplay; clipboard-write; encrypted-media; gyroscope; picture-in-picture; web-share\" referrerpolicy=\"strict-origin-when-cross-origin\" allowfullscreen><\/iframe>\n<\/div><\/figure>\n","protected":false},"excerpt":{"rendered":"<p>Nessa segunda parte focaremos a pescaria de bonitos e afins. Paramos as grava\u00e7\u00f5es por perda da c\u00e2mera, mas j\u00e1 t\u00ednhamos essas cenas gravadas em outra fita S-VHS, por sorte. Ainda salvamos parte da pescaria do Ismar com o maior dourado da temporada, e no final tudo valeu a pena. Essa pescaria conto em detalhes em [&hellip;]<\/p>\n","protected":false},"author":5,"featured_media":0,"comment_status":"closed","ping_status":"closed","sticky":false,"template":"","format":"standard","meta":{"sfsi_plus_gutenberg_text_before_share":"","sfsi_plus_gutenberg_show_text_before_share":"","sfsi_plus_gutenberg_icon_type":"","sfsi_plus_gutenberg_icon_alignemt":"","sfsi_plus_gutenburg_max_per_row":"","footnotes":""},"categories":[166],"tags":[241,188,224,178,167,30,4,305],"class_list":["post-2650","post","type-post","status-publish","format-standard","hentry","category-museu-da-pesca","tag-arraial-do-cabo","tag-caminhos-da-pesca","tag-dourado","tag-marcao","tag-museu-da-pesca","tag-pesca","tag-pescaria","tag-ponta-do-focinho"],"_links":{"self":[{"href":"https:\/\/www.pescanordeste.com.br\/revista\/wp-json\/wp\/v2\/posts\/2650","targetHints":{"allow":["GET"]}}],"collection":[{"href":"https:\/\/www.pescanordeste.com.br\/revista\/wp-json\/wp\/v2\/posts"}],"about":[{"href":"https:\/\/www.pescanordeste.com.br\/revista\/wp-json\/wp\/v2\/types\/post"}],"author":[{"embeddable":true,"href":"https:\/\/www.pescanordeste.com.br\/revista\/wp-json\/wp\/v2\/users\/5"}],"replies":[{"embeddable":true,"href":"https:\/\/www.pescanordeste.com.br\/revista\/wp-json\/wp\/v2\/comments?post=2650"}],"version-history":[{"count":1,"href":"https:\/\/www.pescanordeste.com.br\/revista\/wp-json\/wp\/v2\/posts\/2650\/revisions"}],"predecessor-version":[{"id":2651,"href":"https:\/\/www.pescanordeste.com.br\/revista\/wp-json\/wp\/v2\/posts\/2650\/revisions\/2651"}],"wp:attachment":[{"href":"https:\/\/www.pescanordeste.com.br\/revista\/wp-json\/wp\/v2\/media?parent=2650"}],"wp:term":[{"taxonomy":"category","embeddable":true,"href":"https:\/\/www.pescanordeste.com.br\/revista\/wp-json\/wp\/v2\/categories?post=2650"},{"taxonomy":"post_tag","embeddable":true,"href":"https:\/\/www.pescanordeste.com.br\/revista\/wp-json\/wp\/v2\/tags?post=2650"}],"curies":[{"name":"wp","href":"https:\/\/api.w.org\/{rel}","templated":true}]}}