{"id":2636,"date":"2023-07-11T09:51:19","date_gmt":"2023-07-11T12:51:19","guid":{"rendered":"https:\/\/www.pescanordeste.com.br\/revista\/?p=2636"},"modified":"2024-01-03T15:54:18","modified_gmt":"2024-01-03T18:54:18","slug":"museu-da-pesca-77-video-na-trilha-do-tucunare-08-anos-90","status":"publish","type":"post","link":"https:\/\/www.pescanordeste.com.br\/revista\/museu-da-pesca-77-video-na-trilha-do-tucunare-08-anos-90\/","title":{"rendered":"Museu da Pesca 77 &#8211; V\u00eddeo \u201cNa Trilha do Tucunar\u00e9\u201d 08 &#8211; anos 90"},"content":{"rendered":"\n<p>Al\u00e9m das cenas de pescaria, a nota desse bloco foi o churrasco organizado pelo Sab\u00e1 para a \u201cTurma do Chegado\u201d, numa daquelas pescarias mais prolongadas. O prazer da turma reunida n\u00e3o tinha pre\u00e7o, o peixe era uma consequ\u00eancia. Alguns n\u00e3o est\u00e3o mais entre n\u00f3s, outros perdemos o contato&#8230; Que Deus abrigue os que partiram&#8230; E aben\u00e7oe os que ficaram&#8230;<\/p>\n\n\n\n<figure class=\"wp-block-embed is-type-video is-provider-youtube wp-block-embed-youtube wp-embed-aspect-16-9 wp-has-aspect-ratio\"><div class=\"wp-block-embed__wrapper\">\n<iframe loading=\"lazy\" title=\"Na Trilha do Tucunar\u00e9 08\" width=\"500\" height=\"281\" src=\"https:\/\/www.youtube.com\/embed\/EYWNGtW_1s8?feature=oembed\" frameborder=\"0\" allow=\"accelerometer; autoplay; clipboard-write; encrypted-media; gyroscope; picture-in-picture; web-share\" referrerpolicy=\"strict-origin-when-cross-origin\" allowfullscreen><\/iframe>\n<\/div><\/figure>\n","protected":false},"excerpt":{"rendered":"<p>Al\u00e9m das cenas de pescaria, a nota desse bloco foi o churrasco organizado pelo Sab\u00e1 para a \u201cTurma do Chegado\u201d, numa daquelas pescarias mais prolongadas. O prazer da turma reunida n\u00e3o tinha pre\u00e7o, o peixe era uma consequ\u00eancia. Alguns n\u00e3o est\u00e3o mais entre n\u00f3s, outros perdemos o contato&#8230; Que Deus abrigue os que partiram&#8230; E [&hellip;]<\/p>\n","protected":false},"author":5,"featured_media":0,"comment_status":"closed","ping_status":"closed","sticky":false,"template":"","format":"standard","meta":{"sfsi_plus_gutenberg_text_before_share":"","sfsi_plus_gutenberg_show_text_before_share":"","sfsi_plus_gutenberg_icon_type":"","sfsi_plus_gutenberg_icon_alignemt":"","sfsi_plus_gutenburg_max_per_row":"","footnotes":""},"categories":[166],"tags":[178,167,230,30,4,129,271],"class_list":["post-2636","post","type-post","status-publish","format-standard","hentry","category-museu-da-pesca","tag-marcao","tag-museu-da-pesca","tag-na-trilha-do-tucunare","tag-pesca","tag-pescaria","tag-tucunare","tag-turma-do-chegado"],"_links":{"self":[{"href":"https:\/\/www.pescanordeste.com.br\/revista\/wp-json\/wp\/v2\/posts\/2636","targetHints":{"allow":["GET"]}}],"collection":[{"href":"https:\/\/www.pescanordeste.com.br\/revista\/wp-json\/wp\/v2\/posts"}],"about":[{"href":"https:\/\/www.pescanordeste.com.br\/revista\/wp-json\/wp\/v2\/types\/post"}],"author":[{"embeddable":true,"href":"https:\/\/www.pescanordeste.com.br\/revista\/wp-json\/wp\/v2\/users\/5"}],"replies":[{"embeddable":true,"href":"https:\/\/www.pescanordeste.com.br\/revista\/wp-json\/wp\/v2\/comments?post=2636"}],"version-history":[{"count":2,"href":"https:\/\/www.pescanordeste.com.br\/revista\/wp-json\/wp\/v2\/posts\/2636\/revisions"}],"predecessor-version":[{"id":2639,"href":"https:\/\/www.pescanordeste.com.br\/revista\/wp-json\/wp\/v2\/posts\/2636\/revisions\/2639"}],"wp:attachment":[{"href":"https:\/\/www.pescanordeste.com.br\/revista\/wp-json\/wp\/v2\/media?parent=2636"}],"wp:term":[{"taxonomy":"category","embeddable":true,"href":"https:\/\/www.pescanordeste.com.br\/revista\/wp-json\/wp\/v2\/categories?post=2636"},{"taxonomy":"post_tag","embeddable":true,"href":"https:\/\/www.pescanordeste.com.br\/revista\/wp-json\/wp\/v2\/tags?post=2636"}],"curies":[{"name":"wp","href":"https:\/\/api.w.org\/{rel}","templated":true}]}}