{"id":2634,"date":"2023-07-13T11:50:43","date_gmt":"2023-07-13T14:50:43","guid":{"rendered":"https:\/\/www.pescanordeste.com.br\/revista\/?p=2634"},"modified":"2024-01-03T14:11:24","modified_gmt":"2024-01-03T17:11:24","slug":"museu-da-pesca-79-video-enchova","status":"publish","type":"post","link":"https:\/\/www.pescanordeste.com.br\/revista\/museu-da-pesca-79-video-enchova\/","title":{"rendered":"Museu da Pesca 79 &#8211; V\u00eddeo \u201cEnchova\u201d"},"content":{"rendered":"\n<p>Meu interesse pela pescaria da enchova come\u00e7ou quando vi uma grava\u00e7\u00e3o com o Edisinho e o Quico em Ilhabela, para o programa Pesca &amp; Lazer, do qual eu era diretor de externa, embora nesse dia n\u00e3o tenha participado.<\/p>\n\n\n\n<p>Me entusiasmei com as imagens e quando fui convidado para gravar uma pescaria com o Morgado e o Bet\u00e3o aceitei de pronto. Como convidado estava tamb\u00e9m o \u201cPadeiro\u201d, morador da ilha e experiente nessa pesca. O Morgado j\u00e1 tinha <a><\/a>gravado essa pescaria com o Bet\u00e3o para o programa \u201cPescadores do Brasil\u201d e foi um grande sucesso. Para nossa grava\u00e7\u00e3o n\u00e3o me lembro o motivo, para qual m\u00eddia ou projeto foi realizada, cheguei at\u00e9 a ligar para o Morgado para ver se ele se lembrava, mas estava com seus neur\u00f4nios iguais aos meus. Mas n\u00e3o importa o motivo, o que importa \u00e9 o registro, e para isso nessa primeira apresenta\u00e7\u00e3o vamos mostrar aos amigos como foi. \u00cdamos ficar uns dois dias em Ilhabela, mas o tempo virou e o mar ficou nervoso. Tivemos que abortar a pescaria e voltar para S\u00e3o Paulo. N\u00e3o demos continuidade ao projeto, seja ele qual fosse. Era in\u00edcio dos anos 90 e na pr\u00f3xima postagem contarei a hist\u00f3ria do meu v\u00eddeo, da R\u00e9ia Produtora e Distribuidora de V\u00eddeos ME.<\/p>\n\n\n\n<p>At\u00e9 l\u00e1!<\/p>\n\n\n\n<figure class=\"wp-block-embed is-type-video is-provider-youtube wp-block-embed-youtube wp-embed-aspect-16-9 wp-has-aspect-ratio\"><div class=\"wp-block-embed__wrapper\">\n<iframe loading=\"lazy\" title=\"Enchova em Ilhabela Morgado\" width=\"500\" height=\"281\" src=\"https:\/\/www.youtube.com\/embed\/YZ-jCOO6xcA?feature=oembed\" frameborder=\"0\" allow=\"accelerometer; autoplay; clipboard-write; encrypted-media; gyroscope; picture-in-picture; web-share\" referrerpolicy=\"strict-origin-when-cross-origin\" allowfullscreen><\/iframe>\n<\/div><\/figure>\n","protected":false},"excerpt":{"rendered":"<p>Meu interesse pela pescaria da enchova come\u00e7ou quando vi uma grava\u00e7\u00e3o com o Edisinho e o Quico em Ilhabela, para o programa Pesca &amp; Lazer, do qual eu era diretor de externa, embora nesse dia n\u00e3o tenha participado. Me entusiasmei com as imagens e quando fui convidado para gravar uma pescaria com o Morgado e [&hellip;]<\/p>\n","protected":false},"author":5,"featured_media":0,"comment_status":"closed","ping_status":"closed","sticky":false,"template":"","format":"standard","meta":{"sfsi_plus_gutenberg_text_before_share":"","sfsi_plus_gutenberg_show_text_before_share":"","sfsi_plus_gutenberg_icon_type":"","sfsi_plus_gutenberg_icon_alignemt":"","sfsi_plus_gutenburg_max_per_row":"","footnotes":""},"categories":[166],"tags":[238,237,296,178,167,30,4],"class_list":["post-2634","post","type-post","status-publish","format-standard","hentry","category-museu-da-pesca","tag-anchova","tag-enchova","tag-ilhabela","tag-marcao","tag-museu-da-pesca","tag-pesca","tag-pescaria"],"_links":{"self":[{"href":"https:\/\/www.pescanordeste.com.br\/revista\/wp-json\/wp\/v2\/posts\/2634","targetHints":{"allow":["GET"]}}],"collection":[{"href":"https:\/\/www.pescanordeste.com.br\/revista\/wp-json\/wp\/v2\/posts"}],"about":[{"href":"https:\/\/www.pescanordeste.com.br\/revista\/wp-json\/wp\/v2\/types\/post"}],"author":[{"embeddable":true,"href":"https:\/\/www.pescanordeste.com.br\/revista\/wp-json\/wp\/v2\/users\/5"}],"replies":[{"embeddable":true,"href":"https:\/\/www.pescanordeste.com.br\/revista\/wp-json\/wp\/v2\/comments?post=2634"}],"version-history":[{"count":1,"href":"https:\/\/www.pescanordeste.com.br\/revista\/wp-json\/wp\/v2\/posts\/2634\/revisions"}],"predecessor-version":[{"id":2635,"href":"https:\/\/www.pescanordeste.com.br\/revista\/wp-json\/wp\/v2\/posts\/2634\/revisions\/2635"}],"wp:attachment":[{"href":"https:\/\/www.pescanordeste.com.br\/revista\/wp-json\/wp\/v2\/media?parent=2634"}],"wp:term":[{"taxonomy":"category","embeddable":true,"href":"https:\/\/www.pescanordeste.com.br\/revista\/wp-json\/wp\/v2\/categories?post=2634"},{"taxonomy":"post_tag","embeddable":true,"href":"https:\/\/www.pescanordeste.com.br\/revista\/wp-json\/wp\/v2\/tags?post=2634"}],"curies":[{"name":"wp","href":"https:\/\/api.w.org\/{rel}","templated":true}]}}