{"id":2588,"date":"2023-08-12T11:05:51","date_gmt":"2023-08-12T14:05:51","guid":{"rendered":"https:\/\/www.pescanordeste.com.br\/revista\/?p=2588"},"modified":"2024-01-02T17:38:28","modified_gmt":"2024-01-02T20:38:28","slug":"museu-da-pesca-105-programa-pesca-lazer-rio-parana-01","status":"publish","type":"post","link":"https:\/\/www.pescanordeste.com.br\/revista\/museu-da-pesca-105-programa-pesca-lazer-rio-parana-01\/","title":{"rendered":"Museu da Pesca 105 &#8211; Programa \u201cPesca &#038; Lazer\u201d &#8211; Rio Paran\u00e1 01"},"content":{"rendered":"\n<p>Em 1993 fomos convidados, o Capit\u00e3o Cravo e eu, para participar do programa \u201cPesca &amp; Lazer\u201d, produzido pela \u201cCasa de Pesca Pinheiros\u201d e exibido pela TV Manchete. O Cravo seria apresentador do programa, juntamente com o Edisinho, e eu diretor de externas. Contratamos um c\u00e2mera excelente, o \u201cToninho Cabelo\u201d, e eventualmente eu mesmo assumia as fun\u00e7\u00f5es de cinegrafista, quando havia mais de uma loca\u00e7\u00e3o.<\/p>\n\n\n\n<p>Essa pescaria em <a><\/a>quest\u00e3o, do dourado em Rosana, na Barragem de Porto Primavera, foi um desses casos. Sa\u00edmos o Cravo e eu de S\u00e3o Paulo com destino a Porto Primavera, onde nos aguardava o Marc\u00e3o da RedePesca, nosso anfitri\u00e3o e convidado especial.<\/p>\n\n\n\n<p>Nunca vi tanto dourado junto, e nesse primeiro bloco apresentamos o in\u00edcio da pescaria, com algumas das poucas imagens que sobreviveram \u00e0quela \u00e9poca. \u00c9 uma pena, mas pelo menos fica o registro.<\/p>\n\n\n\n<figure class=\"wp-block-embed is-type-video is-provider-youtube wp-block-embed-youtube wp-embed-aspect-16-9 wp-has-aspect-ratio\"><div class=\"wp-block-embed__wrapper\">\n<iframe loading=\"lazy\" title=\"Rio Paran\u00e1 01\" width=\"500\" height=\"281\" src=\"https:\/\/www.youtube.com\/embed\/qVAKKa62T8w?feature=oembed\" frameborder=\"0\" allow=\"accelerometer; autoplay; clipboard-write; encrypted-media; gyroscope; picture-in-picture; web-share\" referrerpolicy=\"strict-origin-when-cross-origin\" allowfullscreen><\/iframe>\n<\/div><\/figure>\n","protected":false},"excerpt":{"rendered":"<p>Em 1993 fomos convidados, o Capit\u00e3o Cravo e eu, para participar do programa \u201cPesca &amp; Lazer\u201d, produzido pela \u201cCasa de Pesca Pinheiros\u201d e exibido pela TV Manchete. O Cravo seria apresentador do programa, juntamente com o Edisinho, e eu diretor de externas. Contratamos um c\u00e2mera excelente, o \u201cToninho Cabelo\u201d, e eventualmente eu mesmo assumia as [&hellip;]<\/p>\n","protected":false},"author":5,"featured_media":0,"comment_status":"closed","ping_status":"closed","sticky":false,"template":"","format":"standard","meta":{"sfsi_plus_gutenberg_text_before_share":"","sfsi_plus_gutenberg_show_text_before_share":"","sfsi_plus_gutenberg_icon_type":"","sfsi_plus_gutenberg_icon_alignemt":"","sfsi_plus_gutenburg_max_per_row":"","footnotes":""},"categories":[166],"tags":[272,275,224,178,167,30,263,4,276,273],"class_list":["post-2588","post","type-post","status-publish","format-standard","hentry","category-museu-da-pesca","tag-barragem-de-porto-primavera","tag-casa-de-pesca-pinheiros","tag-dourado","tag-marcao","tag-museu-da-pesca","tag-pesca","tag-pesca-lazer","tag-pescaria","tag-porto-primavera","tag-rio-parana"],"_links":{"self":[{"href":"https:\/\/www.pescanordeste.com.br\/revista\/wp-json\/wp\/v2\/posts\/2588","targetHints":{"allow":["GET"]}}],"collection":[{"href":"https:\/\/www.pescanordeste.com.br\/revista\/wp-json\/wp\/v2\/posts"}],"about":[{"href":"https:\/\/www.pescanordeste.com.br\/revista\/wp-json\/wp\/v2\/types\/post"}],"author":[{"embeddable":true,"href":"https:\/\/www.pescanordeste.com.br\/revista\/wp-json\/wp\/v2\/users\/5"}],"replies":[{"embeddable":true,"href":"https:\/\/www.pescanordeste.com.br\/revista\/wp-json\/wp\/v2\/comments?post=2588"}],"version-history":[{"count":1,"href":"https:\/\/www.pescanordeste.com.br\/revista\/wp-json\/wp\/v2\/posts\/2588\/revisions"}],"predecessor-version":[{"id":2589,"href":"https:\/\/www.pescanordeste.com.br\/revista\/wp-json\/wp\/v2\/posts\/2588\/revisions\/2589"}],"wp:attachment":[{"href":"https:\/\/www.pescanordeste.com.br\/revista\/wp-json\/wp\/v2\/media?parent=2588"}],"wp:term":[{"taxonomy":"category","embeddable":true,"href":"https:\/\/www.pescanordeste.com.br\/revista\/wp-json\/wp\/v2\/categories?post=2588"},{"taxonomy":"post_tag","embeddable":true,"href":"https:\/\/www.pescanordeste.com.br\/revista\/wp-json\/wp\/v2\/tags?post=2588"}],"curies":[{"name":"wp","href":"https:\/\/api.w.org\/{rel}","templated":true}]}}