{"id":2584,"date":"2023-08-14T09:42:25","date_gmt":"2023-08-14T12:42:25","guid":{"rendered":"https:\/\/www.pescanordeste.com.br\/revista\/?p=2584"},"modified":"2024-01-02T17:34:08","modified_gmt":"2024-01-02T20:34:08","slug":"museu-da-pesca-107-programa-pesca-lazer-rio-parana-03","status":"publish","type":"post","link":"https:\/\/www.pescanordeste.com.br\/revista\/museu-da-pesca-107-programa-pesca-lazer-rio-parana-03\/","title":{"rendered":"Museu da Pesca 107 &#8211; Programa \u201cPesca &#038; Lazer\u201d &#8211; Rio Paran\u00e1 03"},"content":{"rendered":"\n<p>O caseiro do Marc\u00e3o (Rede Pesca) em Rosana era o Man\u00e9 Capivara, grande conhecedor da regi\u00e3o e pescador profissional. No come\u00e7o das grava\u00e7\u00f5es ficava olhando desconfiado quando solt\u00e1vamos o peixe. Para ele, pescador profissional, era uma atitude dif\u00edcil.<\/p>\n\n\n\n<p>Todos os dias, ap\u00f3s as grava\u00e7\u00f5es, o Man\u00e9 ficava ouvindo nossas conversas sobre a necessidade de preservar o local, soltura dos peixes, etc. O tempo passou r\u00e1pido, <a><\/a>completamos as grava\u00e7\u00f5es e voltamos para S\u00e3o Paulo. O programa foi ao ar e ficou um gostinho de quero mais.<\/p>\n\n\n\n<p>Seis meses depois voltei com o Marc\u00e3o para gravar mais algumas cenas para meu arquivo pessoal. Dessa vez o foco foram os pintados, mas o Man\u00e9 pegou um belo dourado de uns 10 kg, e para meu espanto soltou com alegria. Essa foi a cena final de meu DVD sobre o Paranaz\u00e3o. A semente do Pesque e Solte tinha germinado no cora\u00e7\u00e3o do pescador profissional, pois o dourado era uma f\u00eamea e estava ovada. Suas \u00faltimas palavras ao soltar o peixe foram: &#8211; Vai desovar&#8230;<\/p>\n\n\n\n<figure class=\"wp-block-embed is-type-video is-provider-youtube wp-block-embed-youtube wp-embed-aspect-16-9 wp-has-aspect-ratio\"><div class=\"wp-block-embed__wrapper\">\n<iframe loading=\"lazy\" title=\"Rio Paran\u00e1 03\" width=\"500\" height=\"281\" src=\"https:\/\/www.youtube.com\/embed\/Dceb4m19IR4?feature=oembed\" frameborder=\"0\" allow=\"accelerometer; autoplay; clipboard-write; encrypted-media; gyroscope; picture-in-picture; web-share\" referrerpolicy=\"strict-origin-when-cross-origin\" allowfullscreen><\/iframe>\n<\/div><\/figure>\n","protected":false},"excerpt":{"rendered":"<p>O caseiro do Marc\u00e3o (Rede Pesca) em Rosana era o Man\u00e9 Capivara, grande conhecedor da regi\u00e3o e pescador profissional. No come\u00e7o das grava\u00e7\u00f5es ficava olhando desconfiado quando solt\u00e1vamos o peixe. Para ele, pescador profissional, era uma atitude dif\u00edcil. Todos os dias, ap\u00f3s as grava\u00e7\u00f5es, o Man\u00e9 ficava ouvindo nossas conversas sobre a necessidade de preservar [&hellip;]<\/p>\n","protected":false},"author":5,"featured_media":0,"comment_status":"closed","ping_status":"closed","sticky":false,"template":"","format":"standard","meta":{"sfsi_plus_gutenberg_text_before_share":"","sfsi_plus_gutenberg_show_text_before_share":"","sfsi_plus_gutenberg_icon_type":"","sfsi_plus_gutenberg_icon_alignemt":"","sfsi_plus_gutenburg_max_per_row":"","footnotes":""},"categories":[166],"tags":[224,178,167,30,4,274,273],"class_list":["post-2584","post","type-post","status-publish","format-standard","hentry","category-museu-da-pesca","tag-dourado","tag-marcao","tag-museu-da-pesca","tag-pesca","tag-pescaria","tag-pintado","tag-rio-parana"],"_links":{"self":[{"href":"https:\/\/www.pescanordeste.com.br\/revista\/wp-json\/wp\/v2\/posts\/2584","targetHints":{"allow":["GET"]}}],"collection":[{"href":"https:\/\/www.pescanordeste.com.br\/revista\/wp-json\/wp\/v2\/posts"}],"about":[{"href":"https:\/\/www.pescanordeste.com.br\/revista\/wp-json\/wp\/v2\/types\/post"}],"author":[{"embeddable":true,"href":"https:\/\/www.pescanordeste.com.br\/revista\/wp-json\/wp\/v2\/users\/5"}],"replies":[{"embeddable":true,"href":"https:\/\/www.pescanordeste.com.br\/revista\/wp-json\/wp\/v2\/comments?post=2584"}],"version-history":[{"count":1,"href":"https:\/\/www.pescanordeste.com.br\/revista\/wp-json\/wp\/v2\/posts\/2584\/revisions"}],"predecessor-version":[{"id":2585,"href":"https:\/\/www.pescanordeste.com.br\/revista\/wp-json\/wp\/v2\/posts\/2584\/revisions\/2585"}],"wp:attachment":[{"href":"https:\/\/www.pescanordeste.com.br\/revista\/wp-json\/wp\/v2\/media?parent=2584"}],"wp:term":[{"taxonomy":"category","embeddable":true,"href":"https:\/\/www.pescanordeste.com.br\/revista\/wp-json\/wp\/v2\/categories?post=2584"},{"taxonomy":"post_tag","embeddable":true,"href":"https:\/\/www.pescanordeste.com.br\/revista\/wp-json\/wp\/v2\/tags?post=2584"}],"curies":[{"name":"wp","href":"https:\/\/api.w.org\/{rel}","templated":true}]}}