{"id":2582,"date":"2023-08-15T11:29:46","date_gmt":"2023-08-15T14:29:46","guid":{"rendered":"https:\/\/www.pescanordeste.com.br\/revista\/?p=2582"},"modified":"2024-01-03T13:57:09","modified_gmt":"2024-01-03T16:57:09","slug":"museu-da-pesca-108-programa-pesca-lazer-rio-parana-04","status":"publish","type":"post","link":"https:\/\/www.pescanordeste.com.br\/revista\/museu-da-pesca-108-programa-pesca-lazer-rio-parana-04\/","title":{"rendered":"Museu da Pesca 108 &#8211; Programa \u201cPesca &#038; Lazer\u201d &#8211; Rio Paran\u00e1 04"},"content":{"rendered":"\n<p>Nesse \u00faltimo bloco mostramos algumas providencias a serem implantadas na Barragem de Porto Primavera para o ano de 1994. De l\u00e1 para c\u00e1 muita coisa mudou, n\u00e3o sei se para melhor ou para pior, mas sabendo como s\u00e3o as coisas por aqui, n\u00e3o temos muitas expectativas sobre a situa\u00e7\u00e3o atual.<\/p>\n\n\n\n<figure class=\"wp-block-embed is-type-video is-provider-youtube wp-block-embed-youtube wp-embed-aspect-16-9 wp-has-aspect-ratio\"><div class=\"wp-block-embed__wrapper\">\n<iframe loading=\"lazy\" title=\"Rio Paran\u00e1 04\" width=\"500\" height=\"281\" src=\"https:\/\/www.youtube.com\/embed\/9Z41ljz933Q?feature=oembed\" frameborder=\"0\" allow=\"accelerometer; autoplay; clipboard-write; encrypted-media; gyroscope; picture-in-picture; web-share\" referrerpolicy=\"strict-origin-when-cross-origin\" allowfullscreen><\/iframe>\n<\/div><\/figure>\n","protected":false},"excerpt":{"rendered":"<p>Nesse \u00faltimo bloco mostramos algumas providencias a serem implantadas na Barragem de Porto Primavera para o ano de 1994. De l\u00e1 para c\u00e1 muita coisa mudou, n\u00e3o sei se para melhor ou para pior, mas sabendo como s\u00e3o as coisas por aqui, n\u00e3o temos muitas expectativas sobre a situa\u00e7\u00e3o atual.<\/p>\n","protected":false},"author":5,"featured_media":0,"comment_status":"closed","ping_status":"closed","sticky":false,"template":"","format":"standard","meta":{"sfsi_plus_gutenberg_text_before_share":"","sfsi_plus_gutenberg_show_text_before_share":"","sfsi_plus_gutenberg_icon_type":"","sfsi_plus_gutenberg_icon_alignemt":"","sfsi_plus_gutenburg_max_per_row":"","footnotes":""},"categories":[166],"tags":[272,178,167,30,263,4],"class_list":["post-2582","post","type-post","status-publish","format-standard","hentry","category-museu-da-pesca","tag-barragem-de-porto-primavera","tag-marcao","tag-museu-da-pesca","tag-pesca","tag-pesca-lazer","tag-pescaria"],"_links":{"self":[{"href":"https:\/\/www.pescanordeste.com.br\/revista\/wp-json\/wp\/v2\/posts\/2582","targetHints":{"allow":["GET"]}}],"collection":[{"href":"https:\/\/www.pescanordeste.com.br\/revista\/wp-json\/wp\/v2\/posts"}],"about":[{"href":"https:\/\/www.pescanordeste.com.br\/revista\/wp-json\/wp\/v2\/types\/post"}],"author":[{"embeddable":true,"href":"https:\/\/www.pescanordeste.com.br\/revista\/wp-json\/wp\/v2\/users\/5"}],"replies":[{"embeddable":true,"href":"https:\/\/www.pescanordeste.com.br\/revista\/wp-json\/wp\/v2\/comments?post=2582"}],"version-history":[{"count":1,"href":"https:\/\/www.pescanordeste.com.br\/revista\/wp-json\/wp\/v2\/posts\/2582\/revisions"}],"predecessor-version":[{"id":2583,"href":"https:\/\/www.pescanordeste.com.br\/revista\/wp-json\/wp\/v2\/posts\/2582\/revisions\/2583"}],"wp:attachment":[{"href":"https:\/\/www.pescanordeste.com.br\/revista\/wp-json\/wp\/v2\/media?parent=2582"}],"wp:term":[{"taxonomy":"category","embeddable":true,"href":"https:\/\/www.pescanordeste.com.br\/revista\/wp-json\/wp\/v2\/categories?post=2582"},{"taxonomy":"post_tag","embeddable":true,"href":"https:\/\/www.pescanordeste.com.br\/revista\/wp-json\/wp\/v2\/tags?post=2582"}],"curies":[{"name":"wp","href":"https:\/\/api.w.org\/{rel}","templated":true}]}}