{"id":2574,"date":"2023-08-21T12:35:22","date_gmt":"2023-08-21T15:35:22","guid":{"rendered":"https:\/\/www.pescanordeste.com.br\/revista\/?p=2574"},"modified":"2024-01-02T14:03:56","modified_gmt":"2024-01-02T17:03:56","slug":"museu-da-pesca-114-programa-caminhos-da-pesca-era-uma-vez-cananeia-06","status":"publish","type":"post","link":"https:\/\/www.pescanordeste.com.br\/revista\/museu-da-pesca-114-programa-caminhos-da-pesca-era-uma-vez-cananeia-06\/","title":{"rendered":"Museu da Pesca 114 &#8211; Programa \u201cCaminhos da Pesca\u201d \u2013 Era uma vez&#8230; Canan\u00e9ia 06"},"content":{"rendered":"\n<p>Assim foi a grava\u00e7\u00e3o do segundo programa \u201cCaminhos da Pesca\u201d em Canan\u00e9ia. O primeiro foi feito com iscas naturais, mas n\u00e3o temos nenhum registro, infelizmente.<\/p>\n\n\n\n<p>Dedicamos esse programa \u00e0 mem\u00f3ria do Antonio Sanches, grande divulgador e defensor da pesca esportiva em Canan\u00e9ia. Que o Non\u00f4 continue e tradi\u00e7\u00e3o&#8230; E muito obrigado aos dois pela parceria e boa vontade nessa empreitada.<\/p>\n\n\n\n<figure class=\"wp-block-embed is-type-video is-provider-youtube wp-block-embed-youtube wp-embed-aspect-16-9 wp-has-aspect-ratio\"><div class=\"wp-block-embed__wrapper\">\n<iframe loading=\"lazy\" title=\"Era uma vez    Canan\u00e9ia 06\" width=\"500\" height=\"281\" src=\"https:\/\/www.youtube.com\/embed\/rEzVoa4z5u8?feature=oembed\" frameborder=\"0\" allow=\"accelerometer; autoplay; clipboard-write; encrypted-media; gyroscope; picture-in-picture; web-share\" referrerpolicy=\"strict-origin-when-cross-origin\" allowfullscreen><\/iframe>\n<\/div><\/figure>\n","protected":false},"excerpt":{"rendered":"<p>Assim foi a grava\u00e7\u00e3o do segundo programa \u201cCaminhos da Pesca\u201d em Canan\u00e9ia. O primeiro foi feito com iscas naturais, mas n\u00e3o temos nenhum registro, infelizmente. Dedicamos esse programa \u00e0 mem\u00f3ria do Antonio Sanches, grande divulgador e defensor da pesca esportiva em Canan\u00e9ia. Que o Non\u00f4 continue e tradi\u00e7\u00e3o&#8230; E muito obrigado aos dois pela parceria [&hellip;]<\/p>\n","protected":false},"author":5,"featured_media":0,"comment_status":"closed","ping_status":"closed","sticky":false,"template":"","format":"standard","meta":{"sfsi_plus_gutenberg_text_before_share":"","sfsi_plus_gutenberg_show_text_before_share":"","sfsi_plus_gutenberg_icon_type":"","sfsi_plus_gutenberg_icon_alignemt":"","sfsi_plus_gutenburg_max_per_row":"","footnotes":""},"categories":[166],"tags":[188,236,178,167,30,4],"class_list":["post-2574","post","type-post","status-publish","format-standard","hentry","category-museu-da-pesca","tag-caminhos-da-pesca","tag-cananeia","tag-marcao","tag-museu-da-pesca","tag-pesca","tag-pescaria"],"_links":{"self":[{"href":"https:\/\/www.pescanordeste.com.br\/revista\/wp-json\/wp\/v2\/posts\/2574","targetHints":{"allow":["GET"]}}],"collection":[{"href":"https:\/\/www.pescanordeste.com.br\/revista\/wp-json\/wp\/v2\/posts"}],"about":[{"href":"https:\/\/www.pescanordeste.com.br\/revista\/wp-json\/wp\/v2\/types\/post"}],"author":[{"embeddable":true,"href":"https:\/\/www.pescanordeste.com.br\/revista\/wp-json\/wp\/v2\/users\/5"}],"replies":[{"embeddable":true,"href":"https:\/\/www.pescanordeste.com.br\/revista\/wp-json\/wp\/v2\/comments?post=2574"}],"version-history":[{"count":1,"href":"https:\/\/www.pescanordeste.com.br\/revista\/wp-json\/wp\/v2\/posts\/2574\/revisions"}],"predecessor-version":[{"id":2575,"href":"https:\/\/www.pescanordeste.com.br\/revista\/wp-json\/wp\/v2\/posts\/2574\/revisions\/2575"}],"wp:attachment":[{"href":"https:\/\/www.pescanordeste.com.br\/revista\/wp-json\/wp\/v2\/media?parent=2574"}],"wp:term":[{"taxonomy":"category","embeddable":true,"href":"https:\/\/www.pescanordeste.com.br\/revista\/wp-json\/wp\/v2\/categories?post=2574"},{"taxonomy":"post_tag","embeddable":true,"href":"https:\/\/www.pescanordeste.com.br\/revista\/wp-json\/wp\/v2\/tags?post=2574"}],"curies":[{"name":"wp","href":"https:\/\/api.w.org\/{rel}","templated":true}]}}