{"id":2568,"date":"2023-09-02T10:43:54","date_gmt":"2023-09-02T13:43:54","guid":{"rendered":"https:\/\/www.pescanordeste.com.br\/revista\/?p=2568"},"modified":"2024-01-02T13:57:30","modified_gmt":"2024-01-02T16:57:30","slug":"museu-da-pesca-120-flagrantes-do-rio-mutuca-01","status":"publish","type":"post","link":"https:\/\/www.pescanordeste.com.br\/revista\/museu-da-pesca-120-flagrantes-do-rio-mutuca-01\/","title":{"rendered":"Museu da Pesca 120 &#8211; Flagrantes do Rio Mutuca 01"},"content":{"rendered":"\n<p>Pessoal, nesse bloco eu iria iniciar com uma explora\u00e7\u00e3o que fizemos ao Pantanal, mas deixamos de mostrar no bloco anterior alguns aspectos do rio Mutuca. Logo de cara cometi um erro ao falar que nossa base era a comunidade \u201cNovo C\u00e9u\u201d, mas me enganei, era a comunidade \u201cS\u00e3o Jos\u00e9\u201d. J\u00e1 fiz a corre\u00e7\u00e3o no Face book.<\/p>\n\n\n\n<p>Assim, vamos voltar ao Mutuca com alguns flagrantes, inclusive pescaria, que fizemos no ano 2000, para ficar completa a <a><\/a>hist\u00f3ria. S\u00e3o apenas \u201cflashes\u201d, para dar ideia do ambiente e do local a voc\u00eas, futuros pescadores do Mutuca.<\/p>\n\n\n\n<p>O guia mirim que aparece, o Tat\u00e1 (Tarcisio Menezes), hoje \u00e9 um dos propriet\u00e1rios da \u201cPousada Mutuca Pesca e Aventura\u201d, que mostra a estrutura de sua pousada no v\u00eddeo de mesmo nome, que est\u00e1 no You Tube, produzido por @MarioFerraripromoplay.<\/p>\n\n\n\n<figure class=\"wp-block-embed is-type-video is-provider-youtube wp-block-embed-youtube wp-embed-aspect-16-9 wp-has-aspect-ratio\"><div class=\"wp-block-embed__wrapper\">\n<iframe loading=\"lazy\" title=\"Flagrantes do Rio Mutuca 01\" width=\"500\" height=\"281\" src=\"https:\/\/www.youtube.com\/embed\/e2mhDn53Ymo?feature=oembed\" frameborder=\"0\" allow=\"accelerometer; autoplay; clipboard-write; encrypted-media; gyroscope; picture-in-picture; web-share\" referrerpolicy=\"strict-origin-when-cross-origin\" allowfullscreen><\/iframe>\n<\/div><\/figure>\n","protected":false},"excerpt":{"rendered":"<p>Pessoal, nesse bloco eu iria iniciar com uma explora\u00e7\u00e3o que fizemos ao Pantanal, mas deixamos de mostrar no bloco anterior alguns aspectos do rio Mutuca. Logo de cara cometi um erro ao falar que nossa base era a comunidade \u201cNovo C\u00e9u\u201d, mas me enganei, era a comunidade \u201cS\u00e3o Jos\u00e9\u201d. J\u00e1 fiz a corre\u00e7\u00e3o no Face [&hellip;]<\/p>\n","protected":false},"author":5,"featured_media":0,"comment_status":"closed","ping_status":"closed","sticky":false,"template":"","format":"standard","meta":{"sfsi_plus_gutenberg_text_before_share":"","sfsi_plus_gutenberg_show_text_before_share":"","sfsi_plus_gutenberg_icon_type":"","sfsi_plus_gutenberg_icon_alignemt":"","sfsi_plus_gutenburg_max_per_row":"","footnotes":""},"categories":[166],"tags":[178,167,30,4,240,129],"class_list":["post-2568","post","type-post","status-publish","format-standard","hentry","category-museu-da-pesca","tag-marcao","tag-museu-da-pesca","tag-pesca","tag-pescaria","tag-rio-mutuca","tag-tucunare"],"_links":{"self":[{"href":"https:\/\/www.pescanordeste.com.br\/revista\/wp-json\/wp\/v2\/posts\/2568","targetHints":{"allow":["GET"]}}],"collection":[{"href":"https:\/\/www.pescanordeste.com.br\/revista\/wp-json\/wp\/v2\/posts"}],"about":[{"href":"https:\/\/www.pescanordeste.com.br\/revista\/wp-json\/wp\/v2\/types\/post"}],"author":[{"embeddable":true,"href":"https:\/\/www.pescanordeste.com.br\/revista\/wp-json\/wp\/v2\/users\/5"}],"replies":[{"embeddable":true,"href":"https:\/\/www.pescanordeste.com.br\/revista\/wp-json\/wp\/v2\/comments?post=2568"}],"version-history":[{"count":1,"href":"https:\/\/www.pescanordeste.com.br\/revista\/wp-json\/wp\/v2\/posts\/2568\/revisions"}],"predecessor-version":[{"id":2569,"href":"https:\/\/www.pescanordeste.com.br\/revista\/wp-json\/wp\/v2\/posts\/2568\/revisions\/2569"}],"wp:attachment":[{"href":"https:\/\/www.pescanordeste.com.br\/revista\/wp-json\/wp\/v2\/media?parent=2568"}],"wp:term":[{"taxonomy":"category","embeddable":true,"href":"https:\/\/www.pescanordeste.com.br\/revista\/wp-json\/wp\/v2\/categories?post=2568"},{"taxonomy":"post_tag","embeddable":true,"href":"https:\/\/www.pescanordeste.com.br\/revista\/wp-json\/wp\/v2\/tags?post=2568"}],"curies":[{"name":"wp","href":"https:\/\/api.w.org\/{rel}","templated":true}]}}