{"id":2566,"date":"2023-09-03T10:58:05","date_gmt":"2023-09-03T13:58:05","guid":{"rendered":"https:\/\/www.pescanordeste.com.br\/revista\/?p=2566"},"modified":"2024-01-02T13:55:50","modified_gmt":"2024-01-02T16:55:50","slug":"museu-da-pesca-121-flagrantes-do-rio-mutuca-02","status":"publish","type":"post","link":"https:\/\/www.pescanordeste.com.br\/revista\/museu-da-pesca-121-flagrantes-do-rio-mutuca-02\/","title":{"rendered":"Museu da Pesca 121 &#8211; Flagrantes do Rio Mutuca 02"},"content":{"rendered":"\n<p>Nessa viagem t\u00ednhamos apenas tr\u00eas amigos da \u201cTurma do Chegado\u201d, o Feij\u00e3o, o Guila, e eu. O restante era uma turma do interior de S\u00e3o Paulo, o Capit\u00e3o Cravo, o Z\u00e9 e o Renatinho (pai e filho). O Z\u00e9 era conhecido no meio da pesca, pois era um dos s\u00f3cios do \u201cPesqueiro Campos\u201d, perto de Juquitiba.<\/p>\n\n\n\n<p>\u00c9ramos todos conhecidos de outros carnavais, e a viagem foi muito divertida. O Renatinho pegou um tucunar\u00e9 de 9 kg no bait, e o Cravo um de <a><\/a>7,5 kg no fly.<\/p>\n\n\n\n<p>Al\u00e9m disso, quem se lembra da dupla Capit\u00e3o Gay e Norma Suely?<\/p>\n\n\n\n<p>Vamos curtir a bagun\u00e7a&#8230;<\/p>\n\n\n\n<figure class=\"wp-block-embed is-type-video is-provider-youtube wp-block-embed-youtube wp-embed-aspect-16-9 wp-has-aspect-ratio\"><div class=\"wp-block-embed__wrapper\">\n<iframe loading=\"lazy\" title=\"Flagrantes do Rio Mutuca 02\" width=\"500\" height=\"281\" src=\"https:\/\/www.youtube.com\/embed\/tNuVYKagN3c?feature=oembed\" frameborder=\"0\" allow=\"accelerometer; autoplay; clipboard-write; encrypted-media; gyroscope; picture-in-picture; web-share\" referrerpolicy=\"strict-origin-when-cross-origin\" allowfullscreen><\/iframe>\n<\/div><\/figure>\n","protected":false},"excerpt":{"rendered":"<p>Nessa viagem t\u00ednhamos apenas tr\u00eas amigos da \u201cTurma do Chegado\u201d, o Feij\u00e3o, o Guila, e eu. O restante era uma turma do interior de S\u00e3o Paulo, o Capit\u00e3o Cravo, o Z\u00e9 e o Renatinho (pai e filho). O Z\u00e9 era conhecido no meio da pesca, pois era um dos s\u00f3cios do \u201cPesqueiro Campos\u201d, perto de [&hellip;]<\/p>\n","protected":false},"author":5,"featured_media":0,"comment_status":"closed","ping_status":"closed","sticky":false,"template":"","format":"standard","meta":{"sfsi_plus_gutenberg_text_before_share":"","sfsi_plus_gutenberg_show_text_before_share":"","sfsi_plus_gutenberg_icon_type":"","sfsi_plus_gutenberg_icon_alignemt":"","sfsi_plus_gutenburg_max_per_row":"","footnotes":""},"categories":[166],"tags":[178,167,30,4,240,129,271],"class_list":["post-2566","post","type-post","status-publish","format-standard","hentry","category-museu-da-pesca","tag-marcao","tag-museu-da-pesca","tag-pesca","tag-pescaria","tag-rio-mutuca","tag-tucunare","tag-turma-do-chegado"],"_links":{"self":[{"href":"https:\/\/www.pescanordeste.com.br\/revista\/wp-json\/wp\/v2\/posts\/2566","targetHints":{"allow":["GET"]}}],"collection":[{"href":"https:\/\/www.pescanordeste.com.br\/revista\/wp-json\/wp\/v2\/posts"}],"about":[{"href":"https:\/\/www.pescanordeste.com.br\/revista\/wp-json\/wp\/v2\/types\/post"}],"author":[{"embeddable":true,"href":"https:\/\/www.pescanordeste.com.br\/revista\/wp-json\/wp\/v2\/users\/5"}],"replies":[{"embeddable":true,"href":"https:\/\/www.pescanordeste.com.br\/revista\/wp-json\/wp\/v2\/comments?post=2566"}],"version-history":[{"count":1,"href":"https:\/\/www.pescanordeste.com.br\/revista\/wp-json\/wp\/v2\/posts\/2566\/revisions"}],"predecessor-version":[{"id":2567,"href":"https:\/\/www.pescanordeste.com.br\/revista\/wp-json\/wp\/v2\/posts\/2566\/revisions\/2567"}],"wp:attachment":[{"href":"https:\/\/www.pescanordeste.com.br\/revista\/wp-json\/wp\/v2\/media?parent=2566"}],"wp:term":[{"taxonomy":"category","embeddable":true,"href":"https:\/\/www.pescanordeste.com.br\/revista\/wp-json\/wp\/v2\/categories?post=2566"},{"taxonomy":"post_tag","embeddable":true,"href":"https:\/\/www.pescanordeste.com.br\/revista\/wp-json\/wp\/v2\/tags?post=2566"}],"curies":[{"name":"wp","href":"https:\/\/api.w.org\/{rel}","templated":true}]}}