{"id":2560,"date":"2023-09-06T11:14:27","date_gmt":"2023-09-06T14:14:27","guid":{"rendered":"https:\/\/www.pescanordeste.com.br\/revista\/?p=2560"},"modified":"2024-01-02T13:48:04","modified_gmt":"2024-01-02T16:48:04","slug":"museu-da-pesca-124-projeto-aguas-do-brasil-01","status":"publish","type":"post","link":"https:\/\/www.pescanordeste.com.br\/revista\/museu-da-pesca-124-projeto-aguas-do-brasil-01\/","title":{"rendered":"Museu da Pesca 124 &#8211; Projeto \u201c\u00c1guas do Brasil\u201d 01"},"content":{"rendered":"\n<p>Em 2000 o programa Caminhos da Pesca e a revista Trof\u00e9u Pesca foram convidados para participar de um projeto chamado \u201c\u00c1guas do Brasil\u201d, idealizado pelo Wilson Feitosa. Seu objetivo era pesquisar novas estruturas de pesca esportiva para atender o desenvolvimento acelerado do setor.<\/p>\n\n\n\n<p>Para esse projeto e viagem inicial foram convidados representantes de v\u00e1rias m\u00eddias, a saber:<\/p>\n\n\n\n<p>&#8211; Barco Saint Paul \u2013 Marcelo Peixoto<\/p>\n\n\n\n<p>&#8211; Gazeta da Pesca \u2013 <a><\/a>Pl\u00ednio Sanches<\/p>\n\n\n\n<p>&#8211; Pesca &amp; Companhia \u2013 Lester Scalon<\/p>\n\n\n\n<p>&#8211; Pesca Esportiva \u2013 Jum Tabata<\/p>\n\n\n\n<p>&#8211; Programa Caminhos da Pesca \u2013 Marcos R\u00e9ia<\/p>\n\n\n\n<p>&#8211; Revista Pescador \u2013 Wilson Feitosa<\/p>\n\n\n\n<p>&#8211; Revista Trof\u00e9u Pesca \u2013 Yadir Figueiredo<\/p>\n\n\n\n<p>&#8211; Sportfishing Team \u2013 Willer Veloso e Jenner Leite<\/p>\n\n\n\n<p>&#8211; Terra V\u00eddeo \u2013 Roberto Sophia<\/p>\n\n\n\n<p>Cada representante deveria produzir uma mat\u00e9ria para sua m\u00eddia, de acordo com seu ponto de vista.<\/p>\n\n\n\n<p>A primeira viagem foi para o Pantanal. A ideia era subir o rio Paraguai no Barco-Hotel Saint Paul, a partir de Corumb\u00e1, entrar no rio S\u00e3o Louren\u00e7o e depois no Piqueri, indo at\u00e9 a Fazenda S\u00e3o Jos\u00e9, de propriedade do senador por Mato Grosso J\u00falio Campos, que nos recepcionou com fidalguia e at\u00e9 gravou uma entrevista conosco.<\/p>\n\n\n\n<p>Antes de sairmos de Corumb\u00e1 tive o prazer de conhecer e gravar alguns depoimentos do Major \u00c2ngelo Rabelo, h\u00e1 muito atuante na regi\u00e3o, que nos deu uma vis\u00e3o geral da situa\u00e7\u00e3o do Pantanal naquela data.<\/p>\n\n\n\n<p>Nesse \u201cMuseu da Pesca\u201d n\u00e3o trataremos dessas quest\u00f5es, est\u00e3o registradas em livro e imagens para eventual utiliza\u00e7\u00e3o. Ali\u00e1s, as imagens j\u00e1 foram mostradas no programa \u201cCaminhos da Pesca\u201d, no ano 2000, pela TV Record e pelo DVD \u201cA Pesca no Pantanal MT\u201d. Aqui apenas pequenos registros para preservar a mem\u00f3ria daqueles tempos. Era abril de 2000 e ainda pegamos uma \u201cdequada\u201d pela frente.<\/p>\n\n\n\n<p>Nesse primeiro v\u00eddeo mostramos a sa\u00edda de Corumb\u00e1 e in\u00edcio da pescaria j\u00e1 no rio Piqueri. O foco do projeto n\u00e3o era necessariamente procurar novos locais de pesca, mas sim viabilizar a possibilidade de montar novos pacotes de pesca diferentes dos existentes, principalmente em fun\u00e7\u00e3o da dura\u00e7\u00e3o das pescarias. Por exemplo, pescarias no Piqueri j\u00e1 eram feitas, mas n\u00e3o saindo de Corumb\u00e1 em Barco-Hotel, devido a dist\u00e2ncia. Quais os dias necess\u00e1rios para tal programa? Seria vi\u00e1vel economicamente? Tudo isso seria analisado pela equipe posteriormente.<\/p>\n\n\n\n<p>O resultado de tudo isso falaremos na \u00faltima postagem. At\u00e9 l\u00e1 vamos relembrar aqueles tempos.<\/p>\n\n\n\n<figure class=\"wp-block-embed is-type-video is-provider-youtube wp-block-embed-youtube wp-embed-aspect-16-9 wp-has-aspect-ratio\"><div class=\"wp-block-embed__wrapper\">\n<iframe loading=\"lazy\" title=\"Expedi\u00e7\u00e3o \u00c1guas do Brasil 01\" width=\"500\" height=\"281\" src=\"https:\/\/www.youtube.com\/embed\/vvv7mIOLRNI?feature=oembed\" frameborder=\"0\" allow=\"accelerometer; autoplay; clipboard-write; encrypted-media; gyroscope; picture-in-picture; web-share\" referrerpolicy=\"strict-origin-when-cross-origin\" allowfullscreen><\/iframe>\n<\/div><\/figure>\n","protected":false},"excerpt":{"rendered":"<p>Em 2000 o programa Caminhos da Pesca e a revista Trof\u00e9u Pesca foram convidados para participar de um projeto chamado \u201c\u00c1guas do Brasil\u201d, idealizado pelo Wilson Feitosa. Seu objetivo era pesquisar novas estruturas de pesca esportiva para atender o desenvolvimento acelerado do setor. Para esse projeto e viagem inicial foram convidados representantes de v\u00e1rias m\u00eddias, [&hellip;]<\/p>\n","protected":false},"author":5,"featured_media":0,"comment_status":"closed","ping_status":"closed","sticky":false,"template":"","format":"standard","meta":{"sfsi_plus_gutenberg_text_before_share":"","sfsi_plus_gutenberg_show_text_before_share":"","sfsi_plus_gutenberg_icon_type":"","sfsi_plus_gutenberg_icon_alignemt":"","sfsi_plus_gutenburg_max_per_row":"","footnotes":""},"categories":[166],"tags":[269,188,178,167,30,4,268],"class_list":["post-2560","post","type-post","status-publish","format-standard","hentry","category-museu-da-pesca","tag-a-pesca-no-pantanal-mt","tag-caminhos-da-pesca","tag-marcao","tag-museu-da-pesca","tag-pesca","tag-pescaria","tag-rio-piqueri"],"_links":{"self":[{"href":"https:\/\/www.pescanordeste.com.br\/revista\/wp-json\/wp\/v2\/posts\/2560","targetHints":{"allow":["GET"]}}],"collection":[{"href":"https:\/\/www.pescanordeste.com.br\/revista\/wp-json\/wp\/v2\/posts"}],"about":[{"href":"https:\/\/www.pescanordeste.com.br\/revista\/wp-json\/wp\/v2\/types\/post"}],"author":[{"embeddable":true,"href":"https:\/\/www.pescanordeste.com.br\/revista\/wp-json\/wp\/v2\/users\/5"}],"replies":[{"embeddable":true,"href":"https:\/\/www.pescanordeste.com.br\/revista\/wp-json\/wp\/v2\/comments?post=2560"}],"version-history":[{"count":1,"href":"https:\/\/www.pescanordeste.com.br\/revista\/wp-json\/wp\/v2\/posts\/2560\/revisions"}],"predecessor-version":[{"id":2561,"href":"https:\/\/www.pescanordeste.com.br\/revista\/wp-json\/wp\/v2\/posts\/2560\/revisions\/2561"}],"wp:attachment":[{"href":"https:\/\/www.pescanordeste.com.br\/revista\/wp-json\/wp\/v2\/media?parent=2560"}],"wp:term":[{"taxonomy":"category","embeddable":true,"href":"https:\/\/www.pescanordeste.com.br\/revista\/wp-json\/wp\/v2\/categories?post=2560"},{"taxonomy":"post_tag","embeddable":true,"href":"https:\/\/www.pescanordeste.com.br\/revista\/wp-json\/wp\/v2\/tags?post=2560"}],"curies":[{"name":"wp","href":"https:\/\/api.w.org\/{rel}","templated":true}]}}