{"id":2558,"date":"2023-09-07T10:54:21","date_gmt":"2023-09-07T13:54:21","guid":{"rendered":"https:\/\/www.pescanordeste.com.br\/revista\/?p=2558"},"modified":"2024-01-02T13:45:58","modified_gmt":"2024-01-02T16:45:58","slug":"museu-da-pesca-125-projeto-aguas-do-brasil-02","status":"publish","type":"post","link":"https:\/\/www.pescanordeste.com.br\/revista\/museu-da-pesca-125-projeto-aguas-do-brasil-02\/","title":{"rendered":"Museu da Pesca 125 &#8211; Projeto \u201c\u00c1guas do Brasil\u201d 02"},"content":{"rendered":"\n<p>E a nossa saga continua atr\u00e1s dos peixes do Piqueri. O Saint Paul j\u00e1 estava apoitado nas barrancas da Fazenda S\u00e3o Jos\u00e9, ponto de sa\u00edda para as pescarias. O \u00fanico sen\u00e3o foi uma mudan\u00e7a no clima que trouxe chuva e frio. Paci\u00eancia!<\/p>\n\n\n\n<p>A surpresa foi o encontro com o tucunar\u00e9 azul. N\u00e3o para n\u00f3s, mas para o piloteiro que nunca tinha visto um tucunar\u00e9. Nessa \u00e9poca o peixe ainda estava restrito ao rio Piqueri e regi\u00e3o e o nosso guia nunca tinha pescado por l\u00e1. Para n\u00f3s representou um encontro com um velho amigo.<\/p>\n\n\n\n<figure class=\"wp-block-embed is-type-video is-provider-youtube wp-block-embed-youtube wp-embed-aspect-16-9 wp-has-aspect-ratio\"><div class=\"wp-block-embed__wrapper\">\n<iframe loading=\"lazy\" title=\"Expedi\u00e7\u00e3o \u00c1guas do Brasil 02\" width=\"500\" height=\"281\" src=\"https:\/\/www.youtube.com\/embed\/bP8zSG5S5C0?feature=oembed\" frameborder=\"0\" allow=\"accelerometer; autoplay; clipboard-write; encrypted-media; gyroscope; picture-in-picture; web-share\" referrerpolicy=\"strict-origin-when-cross-origin\" allowfullscreen><\/iframe>\n<\/div><\/figure>\n","protected":false},"excerpt":{"rendered":"<p>E a nossa saga continua atr\u00e1s dos peixes do Piqueri. O Saint Paul j\u00e1 estava apoitado nas barrancas da Fazenda S\u00e3o Jos\u00e9, ponto de sa\u00edda para as pescarias. O \u00fanico sen\u00e3o foi uma mudan\u00e7a no clima que trouxe chuva e frio. Paci\u00eancia! A surpresa foi o encontro com o tucunar\u00e9 azul. N\u00e3o para n\u00f3s, mas [&hellip;]<\/p>\n","protected":false},"author":5,"featured_media":0,"comment_status":"closed","ping_status":"closed","sticky":false,"template":"","format":"standard","meta":{"sfsi_plus_gutenberg_text_before_share":"","sfsi_plus_gutenberg_show_text_before_share":"","sfsi_plus_gutenberg_icon_type":"","sfsi_plus_gutenberg_icon_alignemt":"","sfsi_plus_gutenburg_max_per_row":"","footnotes":""},"categories":[166],"tags":[267,178,167,30,4,268],"class_list":["post-2558","post","type-post","status-publish","format-standard","hentry","category-museu-da-pesca","tag-aguas-do-brasil","tag-marcao","tag-museu-da-pesca","tag-pesca","tag-pescaria","tag-rio-piqueri"],"_links":{"self":[{"href":"https:\/\/www.pescanordeste.com.br\/revista\/wp-json\/wp\/v2\/posts\/2558","targetHints":{"allow":["GET"]}}],"collection":[{"href":"https:\/\/www.pescanordeste.com.br\/revista\/wp-json\/wp\/v2\/posts"}],"about":[{"href":"https:\/\/www.pescanordeste.com.br\/revista\/wp-json\/wp\/v2\/types\/post"}],"author":[{"embeddable":true,"href":"https:\/\/www.pescanordeste.com.br\/revista\/wp-json\/wp\/v2\/users\/5"}],"replies":[{"embeddable":true,"href":"https:\/\/www.pescanordeste.com.br\/revista\/wp-json\/wp\/v2\/comments?post=2558"}],"version-history":[{"count":1,"href":"https:\/\/www.pescanordeste.com.br\/revista\/wp-json\/wp\/v2\/posts\/2558\/revisions"}],"predecessor-version":[{"id":2559,"href":"https:\/\/www.pescanordeste.com.br\/revista\/wp-json\/wp\/v2\/posts\/2558\/revisions\/2559"}],"wp:attachment":[{"href":"https:\/\/www.pescanordeste.com.br\/revista\/wp-json\/wp\/v2\/media?parent=2558"}],"wp:term":[{"taxonomy":"category","embeddable":true,"href":"https:\/\/www.pescanordeste.com.br\/revista\/wp-json\/wp\/v2\/categories?post=2558"},{"taxonomy":"post_tag","embeddable":true,"href":"https:\/\/www.pescanordeste.com.br\/revista\/wp-json\/wp\/v2\/tags?post=2558"}],"curies":[{"name":"wp","href":"https:\/\/api.w.org\/{rel}","templated":true}]}}