{"id":2556,"date":"2023-09-08T10:29:31","date_gmt":"2023-09-08T13:29:31","guid":{"rendered":"https:\/\/www.pescanordeste.com.br\/revista\/?p=2556"},"modified":"2024-01-02T13:44:09","modified_gmt":"2024-01-02T16:44:09","slug":"museu-da-pesca-126-projeto-aguas-do-brasil-03","status":"publish","type":"post","link":"https:\/\/www.pescanordeste.com.br\/revista\/museu-da-pesca-126-projeto-aguas-do-brasil-03\/","title":{"rendered":"Museu da Pesca 126 &#8211; Projeto \u201c\u00c1guas do Brasil\u201d 03"},"content":{"rendered":"\n<p>Nesse bloco cenas de fazendas na viajem pelo Piqueri, em especial a S\u00e3o Jos\u00e9, onde o Wilson Feitosa fala um pouco da regi\u00e3o e da introdu\u00e7\u00e3o do tucunar\u00e9 naquelas \u00e1guas. A pescaria de hoje \u00e9 focada nele.<\/p>\n\n\n\n<figure class=\"wp-block-embed is-type-video is-provider-youtube wp-block-embed-youtube wp-embed-aspect-16-9 wp-has-aspect-ratio\"><div class=\"wp-block-embed__wrapper\">\n<iframe loading=\"lazy\" title=\"Expedi\u00e7\u00e3o \u00c1guas do Brasil 03\" width=\"500\" height=\"281\" src=\"https:\/\/www.youtube.com\/embed\/gIUFxw-yQP0?feature=oembed\" frameborder=\"0\" allow=\"accelerometer; autoplay; clipboard-write; encrypted-media; gyroscope; picture-in-picture; web-share\" referrerpolicy=\"strict-origin-when-cross-origin\" allowfullscreen><\/iframe>\n<\/div><\/figure>\n","protected":false},"excerpt":{"rendered":"<p>Nesse bloco cenas de fazendas na viajem pelo Piqueri, em especial a S\u00e3o Jos\u00e9, onde o Wilson Feitosa fala um pouco da regi\u00e3o e da introdu\u00e7\u00e3o do tucunar\u00e9 naquelas \u00e1guas. A pescaria de hoje \u00e9 focada nele.<\/p>\n","protected":false},"author":5,"featured_media":0,"comment_status":"closed","ping_status":"closed","sticky":false,"template":"","format":"standard","meta":{"sfsi_plus_gutenberg_text_before_share":"","sfsi_plus_gutenberg_show_text_before_share":"","sfsi_plus_gutenberg_icon_type":"","sfsi_plus_gutenberg_icon_alignemt":"","sfsi_plus_gutenburg_max_per_row":"","footnotes":""},"categories":[166],"tags":[267,178,167,30,4,268],"class_list":["post-2556","post","type-post","status-publish","format-standard","hentry","category-museu-da-pesca","tag-aguas-do-brasil","tag-marcao","tag-museu-da-pesca","tag-pesca","tag-pescaria","tag-rio-piqueri"],"_links":{"self":[{"href":"https:\/\/www.pescanordeste.com.br\/revista\/wp-json\/wp\/v2\/posts\/2556","targetHints":{"allow":["GET"]}}],"collection":[{"href":"https:\/\/www.pescanordeste.com.br\/revista\/wp-json\/wp\/v2\/posts"}],"about":[{"href":"https:\/\/www.pescanordeste.com.br\/revista\/wp-json\/wp\/v2\/types\/post"}],"author":[{"embeddable":true,"href":"https:\/\/www.pescanordeste.com.br\/revista\/wp-json\/wp\/v2\/users\/5"}],"replies":[{"embeddable":true,"href":"https:\/\/www.pescanordeste.com.br\/revista\/wp-json\/wp\/v2\/comments?post=2556"}],"version-history":[{"count":1,"href":"https:\/\/www.pescanordeste.com.br\/revista\/wp-json\/wp\/v2\/posts\/2556\/revisions"}],"predecessor-version":[{"id":2557,"href":"https:\/\/www.pescanordeste.com.br\/revista\/wp-json\/wp\/v2\/posts\/2556\/revisions\/2557"}],"wp:attachment":[{"href":"https:\/\/www.pescanordeste.com.br\/revista\/wp-json\/wp\/v2\/media?parent=2556"}],"wp:term":[{"taxonomy":"category","embeddable":true,"href":"https:\/\/www.pescanordeste.com.br\/revista\/wp-json\/wp\/v2\/categories?post=2556"},{"taxonomy":"post_tag","embeddable":true,"href":"https:\/\/www.pescanordeste.com.br\/revista\/wp-json\/wp\/v2\/tags?post=2556"}],"curies":[{"name":"wp","href":"https:\/\/api.w.org\/{rel}","templated":true}]}}