{"id":2554,"date":"2023-09-09T10:07:15","date_gmt":"2023-09-09T13:07:15","guid":{"rendered":"https:\/\/www.pescanordeste.com.br\/revista\/?p=2554"},"modified":"2024-01-02T13:42:13","modified_gmt":"2024-01-02T16:42:13","slug":"museu-da-pesca-127-projeto-aguas-do-brasil-04","status":"publish","type":"post","link":"https:\/\/www.pescanordeste.com.br\/revista\/museu-da-pesca-127-projeto-aguas-do-brasil-04\/","title":{"rendered":"Museu da Pesca 127 &#8211; Projeto \u201c\u00c1guas do Brasil\u201d 04"},"content":{"rendered":"\n<p>O dia de hoje ficou por conta de uma grande arraia capturada pelo Willer. Confesso que nunca tinha visto uma desse porte, e o Lester salvou o dia com sua experi\u00eancia em manuse\u00e1-la.<\/p>\n\n\n\n<figure class=\"wp-block-embed is-type-video is-provider-youtube wp-block-embed-youtube wp-embed-aspect-16-9 wp-has-aspect-ratio\"><div class=\"wp-block-embed__wrapper\">\n<iframe loading=\"lazy\" title=\"Expedi\u00e7\u00e3o \u00c1guas do Brasil 04\" width=\"500\" height=\"281\" src=\"https:\/\/www.youtube.com\/embed\/m9Brpvo1HxY?feature=oembed\" frameborder=\"0\" allow=\"accelerometer; autoplay; clipboard-write; encrypted-media; gyroscope; picture-in-picture; web-share\" referrerpolicy=\"strict-origin-when-cross-origin\" allowfullscreen><\/iframe>\n<\/div><\/figure>\n","protected":false},"excerpt":{"rendered":"<p>O dia de hoje ficou por conta de uma grande arraia capturada pelo Willer. Confesso que nunca tinha visto uma desse porte, e o Lester salvou o dia com sua experi\u00eancia em manuse\u00e1-la.<\/p>\n","protected":false},"author":5,"featured_media":0,"comment_status":"closed","ping_status":"closed","sticky":false,"template":"","format":"standard","meta":{"sfsi_plus_gutenberg_text_before_share":"","sfsi_plus_gutenberg_show_text_before_share":"","sfsi_plus_gutenberg_icon_type":"","sfsi_plus_gutenberg_icon_alignemt":"","sfsi_plus_gutenburg_max_per_row":"","footnotes":""},"categories":[166],"tags":[267,178,167,30,4],"class_list":["post-2554","post","type-post","status-publish","format-standard","hentry","category-museu-da-pesca","tag-aguas-do-brasil","tag-marcao","tag-museu-da-pesca","tag-pesca","tag-pescaria"],"_links":{"self":[{"href":"https:\/\/www.pescanordeste.com.br\/revista\/wp-json\/wp\/v2\/posts\/2554","targetHints":{"allow":["GET"]}}],"collection":[{"href":"https:\/\/www.pescanordeste.com.br\/revista\/wp-json\/wp\/v2\/posts"}],"about":[{"href":"https:\/\/www.pescanordeste.com.br\/revista\/wp-json\/wp\/v2\/types\/post"}],"author":[{"embeddable":true,"href":"https:\/\/www.pescanordeste.com.br\/revista\/wp-json\/wp\/v2\/users\/5"}],"replies":[{"embeddable":true,"href":"https:\/\/www.pescanordeste.com.br\/revista\/wp-json\/wp\/v2\/comments?post=2554"}],"version-history":[{"count":1,"href":"https:\/\/www.pescanordeste.com.br\/revista\/wp-json\/wp\/v2\/posts\/2554\/revisions"}],"predecessor-version":[{"id":2555,"href":"https:\/\/www.pescanordeste.com.br\/revista\/wp-json\/wp\/v2\/posts\/2554\/revisions\/2555"}],"wp:attachment":[{"href":"https:\/\/www.pescanordeste.com.br\/revista\/wp-json\/wp\/v2\/media?parent=2554"}],"wp:term":[{"taxonomy":"category","embeddable":true,"href":"https:\/\/www.pescanordeste.com.br\/revista\/wp-json\/wp\/v2\/categories?post=2554"},{"taxonomy":"post_tag","embeddable":true,"href":"https:\/\/www.pescanordeste.com.br\/revista\/wp-json\/wp\/v2\/tags?post=2554"}],"curies":[{"name":"wp","href":"https:\/\/api.w.org\/{rel}","templated":true}]}}