{"id":2552,"date":"2023-09-10T10:16:12","date_gmt":"2023-09-10T13:16:12","guid":{"rendered":"https:\/\/www.pescanordeste.com.br\/revista\/?p=2552"},"modified":"2024-01-02T13:39:54","modified_gmt":"2024-01-02T16:39:54","slug":"museu-da-pesca-128-projeto-aguas-do-brasil-05","status":"publish","type":"post","link":"https:\/\/www.pescanordeste.com.br\/revista\/museu-da-pesca-128-projeto-aguas-do-brasil-05\/","title":{"rendered":"Museu da Pesca 128 &#8211; Projeto \u201c\u00c1guas do Brasil\u201d 05"},"content":{"rendered":"\n<p>Chegamos ao final. Foi uma experi\u00eancia maravilhosa e um dos programas \u201cCaminhos da Pesca\u201d mostrou isso. Restava cada um trabalhar no seu segmento e dar continuidade ao projeto, mas&#8230; Foi a primeira e \u00faltima expedi\u00e7\u00e3o, motivada por mal-entendidos entre os participantes, todos amigos, por sinal.<\/p>\n\n\n\n<p>Foi uma pena, a ideia era boa e parecia que daria bons frutos, mas o \u201cmercadinho\u201d da pesca esportiva no Brasil era incipiente e carecia de amadurecimento. Para fechar esse lamento, a \u00faltima cena \u00e9 terr\u00edvel!<\/p>\n\n\n\n<figure class=\"wp-block-embed is-type-video is-provider-youtube wp-block-embed-youtube wp-embed-aspect-16-9 wp-has-aspect-ratio\"><div class=\"wp-block-embed__wrapper\">\n<iframe loading=\"lazy\" title=\"Expedi\u00e7\u00e3o \u00c1guas do Brasil 05\" width=\"500\" height=\"281\" src=\"https:\/\/www.youtube.com\/embed\/WO_tp-0X6rU?feature=oembed\" frameborder=\"0\" allow=\"accelerometer; autoplay; clipboard-write; encrypted-media; gyroscope; picture-in-picture; web-share\" referrerpolicy=\"strict-origin-when-cross-origin\" allowfullscreen><\/iframe>\n<\/div><\/figure>\n","protected":false},"excerpt":{"rendered":"<p>Chegamos ao final. Foi uma experi\u00eancia maravilhosa e um dos programas \u201cCaminhos da Pesca\u201d mostrou isso. Restava cada um trabalhar no seu segmento e dar continuidade ao projeto, mas&#8230; Foi a primeira e \u00faltima expedi\u00e7\u00e3o, motivada por mal-entendidos entre os participantes, todos amigos, por sinal. Foi uma pena, a ideia era boa e parecia que [&hellip;]<\/p>\n","protected":false},"author":5,"featured_media":0,"comment_status":"closed","ping_status":"closed","sticky":false,"template":"","format":"standard","meta":{"sfsi_plus_gutenberg_text_before_share":"","sfsi_plus_gutenberg_show_text_before_share":"","sfsi_plus_gutenberg_icon_type":"","sfsi_plus_gutenberg_icon_alignemt":"","sfsi_plus_gutenburg_max_per_row":"","footnotes":""},"categories":[166],"tags":[188,178,167,30,4],"class_list":["post-2552","post","type-post","status-publish","format-standard","hentry","category-museu-da-pesca","tag-caminhos-da-pesca","tag-marcao","tag-museu-da-pesca","tag-pesca","tag-pescaria"],"_links":{"self":[{"href":"https:\/\/www.pescanordeste.com.br\/revista\/wp-json\/wp\/v2\/posts\/2552","targetHints":{"allow":["GET"]}}],"collection":[{"href":"https:\/\/www.pescanordeste.com.br\/revista\/wp-json\/wp\/v2\/posts"}],"about":[{"href":"https:\/\/www.pescanordeste.com.br\/revista\/wp-json\/wp\/v2\/types\/post"}],"author":[{"embeddable":true,"href":"https:\/\/www.pescanordeste.com.br\/revista\/wp-json\/wp\/v2\/users\/5"}],"replies":[{"embeddable":true,"href":"https:\/\/www.pescanordeste.com.br\/revista\/wp-json\/wp\/v2\/comments?post=2552"}],"version-history":[{"count":1,"href":"https:\/\/www.pescanordeste.com.br\/revista\/wp-json\/wp\/v2\/posts\/2552\/revisions"}],"predecessor-version":[{"id":2553,"href":"https:\/\/www.pescanordeste.com.br\/revista\/wp-json\/wp\/v2\/posts\/2552\/revisions\/2553"}],"wp:attachment":[{"href":"https:\/\/www.pescanordeste.com.br\/revista\/wp-json\/wp\/v2\/media?parent=2552"}],"wp:term":[{"taxonomy":"category","embeddable":true,"href":"https:\/\/www.pescanordeste.com.br\/revista\/wp-json\/wp\/v2\/categories?post=2552"},{"taxonomy":"post_tag","embeddable":true,"href":"https:\/\/www.pescanordeste.com.br\/revista\/wp-json\/wp\/v2\/tags?post=2552"}],"curies":[{"name":"wp","href":"https:\/\/api.w.org\/{rel}","templated":true}]}}