{"id":2547,"date":"2023-06-12T11:03:57","date_gmt":"2023-06-12T14:03:57","guid":{"rendered":"https:\/\/www.pescanordeste.com.br\/revista\/?p=2547"},"modified":"2024-01-02T10:54:36","modified_gmt":"2024-01-02T13:54:36","slug":"museu-da-pesca-58-video-pescando-com-fly-no-pantanal-parte-02","status":"publish","type":"post","link":"https:\/\/www.pescanordeste.com.br\/revista\/museu-da-pesca-58-video-pescando-com-fly-no-pantanal-parte-02\/","title":{"rendered":"Museu da Pesca 58 &#8211; V\u00eddeo \u201cPescando com Fly no Pantanal\u201d parte 02"},"content":{"rendered":"\n<p>E as moscas continuavam voando harmoniosamente nos c\u00e9us do Pantanal, provocando os predadores ao ataque.<\/p>\n\n\n\n<p>Uma coisa interessante a se observar foi a introdu\u00e7\u00e3o do tucunar\u00e9 azul nas \u00e1guas pantaneiras, muito se questionou sobre a adapta\u00e7\u00e3o e desequil\u00edbrio ecol\u00f3gico que podia acontecer como consequ\u00eancia.<\/p>\n\n\n\n<p>Recentemente tive not\u00edcias de pescarias bem sucedidas at\u00e9 na Ba\u00eda de Albuquerque, o que n\u00e3o era poss\u00edvel no meu tempo. Gostaria de saber dos amigos at\u00e9 onde o tucunar\u00e9 pode ser encontrado no Pantanal nos dias de hoje (2023), e quais os preju\u00edzos a ele atribu\u00eddos com sua introdu\u00e7\u00e3o. Afinal, mais de 30 anos se passaram.<\/p>\n\n\n\n<figure class=\"wp-block-embed is-type-video is-provider-youtube wp-block-embed-youtube wp-embed-aspect-16-9 wp-has-aspect-ratio\"><div class=\"wp-block-embed__wrapper\">\n<iframe loading=\"lazy\" title=\"Fly no Pantanal 02\" width=\"500\" height=\"281\" src=\"https:\/\/www.youtube.com\/embed\/ZwGLfyQ2wlQ?feature=oembed\" frameborder=\"0\" allow=\"accelerometer; autoplay; clipboard-write; encrypted-media; gyroscope; picture-in-picture; web-share\" referrerpolicy=\"strict-origin-when-cross-origin\" allowfullscreen><\/iframe>\n<\/div><\/figure>\n","protected":false},"excerpt":{"rendered":"<p>E as moscas continuavam voando harmoniosamente nos c\u00e9us do Pantanal, provocando os predadores ao ataque. Uma coisa interessante a se observar foi a introdu\u00e7\u00e3o do tucunar\u00e9 azul nas \u00e1guas pantaneiras, muito se questionou sobre a adapta\u00e7\u00e3o e desequil\u00edbrio ecol\u00f3gico que podia acontecer como consequ\u00eancia. Recentemente tive not\u00edcias de pescarias bem sucedidas at\u00e9 na Ba\u00eda de [&hellip;]<\/p>\n","protected":false},"author":5,"featured_media":0,"comment_status":"closed","ping_status":"closed","sticky":false,"template":"","format":"standard","meta":{"sfsi_plus_gutenberg_text_before_share":"","sfsi_plus_gutenberg_show_text_before_share":"","sfsi_plus_gutenberg_icon_type":"","sfsi_plus_gutenberg_icon_alignemt":"","sfsi_plus_gutenburg_max_per_row":"","footnotes":""},"categories":[166],"tags":[266,169,216,178,167,212,30,215,4,129],"class_list":["post-2547","post","type-post","status-publish","format-standard","hentry","category-museu-da-pesca","tag-baia-de-albuquerque","tag-fly","tag-fly-fishing","tag-marcao","tag-museu-da-pesca","tag-pantanal","tag-pesca","tag-pesca-com-mosca","tag-pescaria","tag-tucunare"],"_links":{"self":[{"href":"https:\/\/www.pescanordeste.com.br\/revista\/wp-json\/wp\/v2\/posts\/2547","targetHints":{"allow":["GET"]}}],"collection":[{"href":"https:\/\/www.pescanordeste.com.br\/revista\/wp-json\/wp\/v2\/posts"}],"about":[{"href":"https:\/\/www.pescanordeste.com.br\/revista\/wp-json\/wp\/v2\/types\/post"}],"author":[{"embeddable":true,"href":"https:\/\/www.pescanordeste.com.br\/revista\/wp-json\/wp\/v2\/users\/5"}],"replies":[{"embeddable":true,"href":"https:\/\/www.pescanordeste.com.br\/revista\/wp-json\/wp\/v2\/comments?post=2547"}],"version-history":[{"count":1,"href":"https:\/\/www.pescanordeste.com.br\/revista\/wp-json\/wp\/v2\/posts\/2547\/revisions"}],"predecessor-version":[{"id":2548,"href":"https:\/\/www.pescanordeste.com.br\/revista\/wp-json\/wp\/v2\/posts\/2547\/revisions\/2548"}],"wp:attachment":[{"href":"https:\/\/www.pescanordeste.com.br\/revista\/wp-json\/wp\/v2\/media?parent=2547"}],"wp:term":[{"taxonomy":"category","embeddable":true,"href":"https:\/\/www.pescanordeste.com.br\/revista\/wp-json\/wp\/v2\/categories?post=2547"},{"taxonomy":"post_tag","embeddable":true,"href":"https:\/\/www.pescanordeste.com.br\/revista\/wp-json\/wp\/v2\/tags?post=2547"}],"curies":[{"name":"wp","href":"https:\/\/api.w.org\/{rel}","templated":true}]}}