{"id":2539,"date":"2023-05-12T07:48:13","date_gmt":"2023-05-12T10:48:13","guid":{"rendered":"https:\/\/www.pescanordeste.com.br\/revista\/?p=2539"},"modified":"2024-01-02T10:41:41","modified_gmt":"2024-01-02T13:41:41","slug":"museu-da-pesca-29-video-abc-do-fly-parte-02","status":"publish","type":"post","link":"https:\/\/www.pescanordeste.com.br\/revista\/museu-da-pesca-29-video-abc-do-fly-parte-02\/","title":{"rendered":"Museu da Pesca 29 &#8211; V\u00eddeo \u201cABC do Fly\u201d parte 02"},"content":{"rendered":"\n<p>Nesse segmento, al\u00e9m da pesca da matrinch\u00e3 no rio Arinos, o Padilha nos levou para uma pescaria de tucunar\u00e9s numa das lagoas que existem ao longo do rio, algumas com liga\u00e7\u00e3o direta, entrada aparente, outras s\u00f3 para os conhecedores, pois n\u00e3o h\u00e1 sinais vis\u00edveis, s\u00f3 para quem \u00e9 profundo conhecedor do local e seus segredos, caso do Maur\u00e3o.<\/p>\n\n\n\n<p>Essa pescaria nos levou a uma aventura extra, tanto que apelidamos o palco das a\u00e7\u00f5es de \u201clagoa dos perdidos\u201d, em nosso v\u00eddeo, mas isso \u00e9 outra hist\u00f3ria que fica para outra vez, como diria o saudoso J\u00falio Gouveia, dos meus tempos de inf\u00e2ncia em S\u00e3o Paulo. O que aconteceu conto em outra m\u00eddia.<\/p>\n\n\n\n<figure class=\"wp-block-embed is-type-video is-provider-youtube wp-block-embed-youtube wp-embed-aspect-16-9 wp-has-aspect-ratio\"><div class=\"wp-block-embed__wrapper\">\n<iframe loading=\"lazy\" title=\"Paulo Cesar no Arinos 02\" width=\"500\" height=\"281\" src=\"https:\/\/www.youtube.com\/embed\/cpRUdmD5OTs?feature=oembed\" frameborder=\"0\" allow=\"accelerometer; autoplay; clipboard-write; encrypted-media; gyroscope; picture-in-picture; web-share\" referrerpolicy=\"strict-origin-when-cross-origin\" allowfullscreen><\/iframe>\n<\/div><\/figure>\n","protected":false},"excerpt":{"rendered":"<p>Nesse segmento, al\u00e9m da pesca da matrinch\u00e3 no rio Arinos, o Padilha nos levou para uma pescaria de tucunar\u00e9s numa das lagoas que existem ao longo do rio, algumas com liga\u00e7\u00e3o direta, entrada aparente, outras s\u00f3 para os conhecedores, pois n\u00e3o h\u00e1 sinais vis\u00edveis, s\u00f3 para quem \u00e9 profundo conhecedor do local e seus segredos, [&hellip;]<\/p>\n","protected":false},"author":5,"featured_media":0,"comment_status":"closed","ping_status":"closed","sticky":false,"template":"","format":"standard","meta":{"sfsi_plus_gutenberg_text_before_share":"","sfsi_plus_gutenberg_show_text_before_share":"","sfsi_plus_gutenberg_icon_type":"","sfsi_plus_gutenberg_icon_alignemt":"","sfsi_plus_gutenburg_max_per_row":"","footnotes":""},"categories":[166],"tags":[251,169,216,178,252,167,30,215,4],"class_list":["post-2539","post","type-post","status-publish","format-standard","hentry","category-museu-da-pesca","tag-abc-do-fly","tag-fly","tag-fly-fishing","tag-marcao","tag-matrincha","tag-museu-da-pesca","tag-pesca","tag-pesca-com-mosca","tag-pescaria"],"_links":{"self":[{"href":"https:\/\/www.pescanordeste.com.br\/revista\/wp-json\/wp\/v2\/posts\/2539","targetHints":{"allow":["GET"]}}],"collection":[{"href":"https:\/\/www.pescanordeste.com.br\/revista\/wp-json\/wp\/v2\/posts"}],"about":[{"href":"https:\/\/www.pescanordeste.com.br\/revista\/wp-json\/wp\/v2\/types\/post"}],"author":[{"embeddable":true,"href":"https:\/\/www.pescanordeste.com.br\/revista\/wp-json\/wp\/v2\/users\/5"}],"replies":[{"embeddable":true,"href":"https:\/\/www.pescanordeste.com.br\/revista\/wp-json\/wp\/v2\/comments?post=2539"}],"version-history":[{"count":1,"href":"https:\/\/www.pescanordeste.com.br\/revista\/wp-json\/wp\/v2\/posts\/2539\/revisions"}],"predecessor-version":[{"id":2540,"href":"https:\/\/www.pescanordeste.com.br\/revista\/wp-json\/wp\/v2\/posts\/2539\/revisions\/2540"}],"wp:attachment":[{"href":"https:\/\/www.pescanordeste.com.br\/revista\/wp-json\/wp\/v2\/media?parent=2539"}],"wp:term":[{"taxonomy":"category","embeddable":true,"href":"https:\/\/www.pescanordeste.com.br\/revista\/wp-json\/wp\/v2\/categories?post=2539"},{"taxonomy":"post_tag","embeddable":true,"href":"https:\/\/www.pescanordeste.com.br\/revista\/wp-json\/wp\/v2\/tags?post=2539"}],"curies":[{"name":"wp","href":"https:\/\/api.w.org\/{rel}","templated":true}]}}