{"id":2529,"date":"2023-08-20T14:47:20","date_gmt":"2023-08-20T17:47:20","guid":{"rendered":"https:\/\/www.pescanordeste.com.br\/revista\/?p=2529"},"modified":"2024-01-02T10:26:07","modified_gmt":"2024-01-02T13:26:07","slug":"museu-da-pesca-113-programa-caminhos-da-pesca-era-uma-vez-cananeia-05","status":"publish","type":"post","link":"https:\/\/www.pescanordeste.com.br\/revista\/museu-da-pesca-113-programa-caminhos-da-pesca-era-uma-vez-cananeia-05\/","title":{"rendered":"Museu da Pesca 113 &#8211; Programa \u201cCaminhos da Pesca\u201d &#8211; Era uma vez&#8230; Canan\u00e9ia 05"},"content":{"rendered":"\n<p>A pescaria foi excelente, tanto o Marquinho como o Dico pegaram v\u00e1rios exemplares. O Toninho mostrou toda sua compet\u00eancia e conhecimento dos pontos de pesca de Canan\u00e9ia. Para variar, a maior parte das cenas de pesca se perderam na Record por ocasi\u00e3o do encerramento do programa, mas sobraram algumas lembran\u00e7as para a turma de hoje em dia. A principal delas foi do guia Antonio Sanches, grande companheiro de todos que tiveram o privil\u00e9gio de pescar com ele. Que Deus o tenha em \u00f3timo lugar. Como novidade desse bloco, o segredo do sucesso dos pescadores Marquinho e Non\u00f4. Vamos testar para ver se \u00e9 verdade?<\/p>\n\n\n\n<figure class=\"wp-block-embed is-type-video is-provider-youtube wp-block-embed-youtube wp-embed-aspect-16-9 wp-has-aspect-ratio\"><div class=\"wp-block-embed__wrapper\">\n<iframe loading=\"lazy\" title=\"Era uma vez    Canan\u00e9ia 05\" width=\"500\" height=\"281\" src=\"https:\/\/www.youtube.com\/embed\/eBcZ6trF-dQ?feature=oembed\" frameborder=\"0\" allow=\"accelerometer; autoplay; clipboard-write; encrypted-media; gyroscope; picture-in-picture; web-share\" referrerpolicy=\"strict-origin-when-cross-origin\" allowfullscreen><\/iframe>\n<\/div><\/figure>\n","protected":false},"excerpt":{"rendered":"<p>A pescaria foi excelente, tanto o Marquinho como o Dico pegaram v\u00e1rios exemplares. O Toninho mostrou toda sua compet\u00eancia e conhecimento dos pontos de pesca de Canan\u00e9ia. Para variar, a maior parte das cenas de pesca se perderam na Record por ocasi\u00e3o do encerramento do programa, mas sobraram algumas lembran\u00e7as para a turma de hoje [&hellip;]<\/p>\n","protected":false},"author":5,"featured_media":0,"comment_status":"closed","ping_status":"closed","sticky":false,"template":"","format":"standard","meta":{"sfsi_plus_gutenberg_text_before_share":"","sfsi_plus_gutenberg_show_text_before_share":"","sfsi_plus_gutenberg_icon_type":"","sfsi_plus_gutenberg_icon_alignemt":"","sfsi_plus_gutenburg_max_per_row":"","footnotes":""},"categories":[166],"tags":[188,10,9,178,167,30,4,102,37],"class_list":["post-2529","post","type-post","status-publish","format-standard","hentry","category-museu-da-pesca","tag-caminhos-da-pesca","tag-camurim","tag-camurupim","tag-marcao","tag-museu-da-pesca","tag-pesca","tag-pescaria","tag-robalo","tag-tarpon"],"_links":{"self":[{"href":"https:\/\/www.pescanordeste.com.br\/revista\/wp-json\/wp\/v2\/posts\/2529","targetHints":{"allow":["GET"]}}],"collection":[{"href":"https:\/\/www.pescanordeste.com.br\/revista\/wp-json\/wp\/v2\/posts"}],"about":[{"href":"https:\/\/www.pescanordeste.com.br\/revista\/wp-json\/wp\/v2\/types\/post"}],"author":[{"embeddable":true,"href":"https:\/\/www.pescanordeste.com.br\/revista\/wp-json\/wp\/v2\/users\/5"}],"replies":[{"embeddable":true,"href":"https:\/\/www.pescanordeste.com.br\/revista\/wp-json\/wp\/v2\/comments?post=2529"}],"version-history":[{"count":1,"href":"https:\/\/www.pescanordeste.com.br\/revista\/wp-json\/wp\/v2\/posts\/2529\/revisions"}],"predecessor-version":[{"id":2530,"href":"https:\/\/www.pescanordeste.com.br\/revista\/wp-json\/wp\/v2\/posts\/2529\/revisions\/2530"}],"wp:attachment":[{"href":"https:\/\/www.pescanordeste.com.br\/revista\/wp-json\/wp\/v2\/media?parent=2529"}],"wp:term":[{"taxonomy":"category","embeddable":true,"href":"https:\/\/www.pescanordeste.com.br\/revista\/wp-json\/wp\/v2\/categories?post=2529"},{"taxonomy":"post_tag","embeddable":true,"href":"https:\/\/www.pescanordeste.com.br\/revista\/wp-json\/wp\/v2\/tags?post=2529"}],"curies":[{"name":"wp","href":"https:\/\/api.w.org\/{rel}","templated":true}]}}