{"id":2521,"date":"2023-09-01T10:29:39","date_gmt":"2023-09-01T13:29:39","guid":{"rendered":"https:\/\/www.pescanordeste.com.br\/revista\/?p=2521"},"modified":"2024-01-02T10:07:20","modified_gmt":"2024-01-02T13:07:20","slug":"museu-da-pesca-119-um-rio-chamado-mutuca-05","status":"publish","type":"post","link":"https:\/\/www.pescanordeste.com.br\/revista\/museu-da-pesca-119-um-rio-chamado-mutuca-05\/","title":{"rendered":"Museu da Pesca 119 &#8211; Um rio chamado Mutuca 05"},"content":{"rendered":"\n<p>Essas foram as imagens da pescaria da turma do Romeu, objeto da mat\u00e9ria na Trof\u00e9u. Naquela \u00e9poca j\u00e1 conhec\u00edamos bem o Mutuca e nossa base era a comunidade \u201cS\u00e3o Jos\u00e9\u201d, bem para dentro do Mutuca. Foi um lugar que nos deixou saudades. Em 2000 foi o \u00faltimo ano que estive no Mutuca, mas ainda me encontrei uma vez com a turma do Romeu. N\u00e3o me lembro se foi em 2001 ou 2002, mas j\u00e1 estava morando em Natal. Numa de minhas visitas a S\u00e3o Paulo, fui levar minha filha ao aeroporto em Cumbica pois ela estava voltando para Natal junto com umas amigas, quando, para minha surpresa, vi a turma do Romeu que estava aguardando traslado para Manaus. Iam mais uma vez pescar no Miss Bebel. Foi uma festa. De l\u00e1 para c\u00e1 apenas contato pela internet.<\/p>\n\n\n\n<figure class=\"wp-block-embed is-type-video is-provider-youtube wp-block-embed-youtube wp-embed-aspect-16-9 wp-has-aspect-ratio\"><div class=\"wp-block-embed__wrapper\">\n<iframe loading=\"lazy\" title=\"Um rio chamado Mutuca 05\" width=\"500\" height=\"281\" src=\"https:\/\/www.youtube.com\/embed\/t1YEJfj0azM?feature=oembed\" frameborder=\"0\" allow=\"accelerometer; autoplay; clipboard-write; encrypted-media; gyroscope; picture-in-picture; web-share\" referrerpolicy=\"strict-origin-when-cross-origin\" allowfullscreen><\/iframe>\n<\/div><\/figure>\n","protected":false},"excerpt":{"rendered":"<p>Essas foram as imagens da pescaria da turma do Romeu, objeto da mat\u00e9ria na Trof\u00e9u. Naquela \u00e9poca j\u00e1 conhec\u00edamos bem o Mutuca e nossa base era a comunidade \u201cS\u00e3o Jos\u00e9\u201d, bem para dentro do Mutuca. Foi um lugar que nos deixou saudades. Em 2000 foi o \u00faltimo ano que estive no Mutuca, mas ainda me [&hellip;]<\/p>\n","protected":false},"author":5,"featured_media":0,"comment_status":"closed","ping_status":"closed","sticky":false,"template":"","format":"standard","meta":{"sfsi_plus_gutenberg_text_before_share":"","sfsi_plus_gutenberg_show_text_before_share":"","sfsi_plus_gutenberg_icon_type":"","sfsi_plus_gutenberg_icon_alignemt":"","sfsi_plus_gutenburg_max_per_row":"","footnotes":""},"categories":[166],"tags":[196,210,178,167,30,4,240,129],"class_list":["post-2521","post","type-post","status-publish","format-standard","hentry","category-museu-da-pesca","tag-amazonas","tag-amazonia","tag-marcao","tag-museu-da-pesca","tag-pesca","tag-pescaria","tag-rio-mutuca","tag-tucunare"],"_links":{"self":[{"href":"https:\/\/www.pescanordeste.com.br\/revista\/wp-json\/wp\/v2\/posts\/2521","targetHints":{"allow":["GET"]}}],"collection":[{"href":"https:\/\/www.pescanordeste.com.br\/revista\/wp-json\/wp\/v2\/posts"}],"about":[{"href":"https:\/\/www.pescanordeste.com.br\/revista\/wp-json\/wp\/v2\/types\/post"}],"author":[{"embeddable":true,"href":"https:\/\/www.pescanordeste.com.br\/revista\/wp-json\/wp\/v2\/users\/5"}],"replies":[{"embeddable":true,"href":"https:\/\/www.pescanordeste.com.br\/revista\/wp-json\/wp\/v2\/comments?post=2521"}],"version-history":[{"count":1,"href":"https:\/\/www.pescanordeste.com.br\/revista\/wp-json\/wp\/v2\/posts\/2521\/revisions"}],"predecessor-version":[{"id":2522,"href":"https:\/\/www.pescanordeste.com.br\/revista\/wp-json\/wp\/v2\/posts\/2521\/revisions\/2522"}],"wp:attachment":[{"href":"https:\/\/www.pescanordeste.com.br\/revista\/wp-json\/wp\/v2\/media?parent=2521"}],"wp:term":[{"taxonomy":"category","embeddable":true,"href":"https:\/\/www.pescanordeste.com.br\/revista\/wp-json\/wp\/v2\/categories?post=2521"},{"taxonomy":"post_tag","embeddable":true,"href":"https:\/\/www.pescanordeste.com.br\/revista\/wp-json\/wp\/v2\/tags?post=2521"}],"curies":[{"name":"wp","href":"https:\/\/api.w.org\/{rel}","templated":true}]}}