{"id":2515,"date":"2023-12-31T11:39:54","date_gmt":"2023-12-31T14:39:54","guid":{"rendered":"https:\/\/www.pescanordeste.com.br\/revista\/?p=2515"},"modified":"2023-12-31T18:32:37","modified_gmt":"2023-12-31T21:32:37","slug":"museu-da-pesca-215-primeiro-e-ultimo-encontro-nacional-da-pesca-amadora-e-encerramento-do-ano-2023","status":"publish","type":"post","link":"https:\/\/www.pescanordeste.com.br\/revista\/museu-da-pesca-215-primeiro-e-ultimo-encontro-nacional-da-pesca-amadora-e-encerramento-do-ano-2023\/","title":{"rendered":"Museu da Pesca 215 &#8211; Primeiro (e \u00faltimo) encontro nacional da pesca amadora e encerramento do ano 2023"},"content":{"rendered":"\n<p>Bem, pessoal, mais um ano chega ao fim e novamente mensagens de esperan\u00e7a, sa\u00fade, prosperidade, etc. Gostaria que n\u00e3o fosse apenas costume, e para isso pe\u00e7o as b\u00ean\u00e7\u00e3os de Deus para todos n\u00f3s.<\/p>\n\n\n\n<p>Agrade\u00e7o a todos aqueles que acompanharam a s\u00e9rie \u201cMuseu da Pesca\u201d. N\u00e3o foram muitos, mas aprecio mais a qualidade do que a quantidade.<\/p>\n\n\n\n<p>Como no presente caso o foco \u00e9 o \u201cMuseu da Pesca\u201d, <a><\/a>vou encerrar a participa\u00e7\u00e3o de 2023 relembrando o \u201cPrimeiro (e \u00fanico) Encontro Nacional da Pesca Amadora\u201d, realizado em setembro de 2010.<\/p>\n\n\n\n<p>Muita promessa e esperan\u00e7a foram geradas naquele encontro. At\u00e9 os mais pessimistas acharam que \u201cagora vai\u201d &#8230; N\u00e3o foi&#8230;<\/p>\n\n\n\n<p>J\u00e1 se passaram quase 14 anos daquela data e aqui fica a pergunta a ser respondida: Valeu a pena? O que resultou daquele encontro?<\/p>\n\n\n\n<figure class=\"wp-block-embed is-type-video is-provider-youtube wp-block-embed-youtube wp-embed-aspect-16-9 wp-has-aspect-ratio\"><div class=\"wp-block-embed__wrapper\">\n<iframe loading=\"lazy\" title=\"Primeiro encontro nacional pesca amadora\" width=\"500\" height=\"281\" src=\"https:\/\/www.youtube.com\/embed\/aSg5_a_6ekc?feature=oembed\" frameborder=\"0\" allow=\"accelerometer; autoplay; clipboard-write; encrypted-media; gyroscope; picture-in-picture; web-share\" referrerpolicy=\"strict-origin-when-cross-origin\" allowfullscreen><\/iframe>\n<\/div><\/figure>\n","protected":false},"excerpt":{"rendered":"<p>Bem, pessoal, mais um ano chega ao fim e novamente mensagens de esperan\u00e7a, sa\u00fade, prosperidade, etc. Gostaria que n\u00e3o fosse apenas costume, e para isso pe\u00e7o as b\u00ean\u00e7\u00e3os de Deus para todos n\u00f3s. Agrade\u00e7o a todos aqueles que acompanharam a s\u00e9rie \u201cMuseu da Pesca\u201d. N\u00e3o foram muitos, mas aprecio mais a qualidade do que a [&hellip;]<\/p>\n","protected":false},"author":5,"featured_media":0,"comment_status":"closed","ping_status":"closed","sticky":false,"template":"","format":"standard","meta":{"sfsi_plus_gutenberg_text_before_share":"","sfsi_plus_gutenberg_show_text_before_share":"","sfsi_plus_gutenberg_icon_type":"","sfsi_plus_gutenberg_icon_alignemt":"","sfsi_plus_gutenburg_max_per_row":"","footnotes":""},"categories":[166],"tags":[246,178,167,30,245,4],"class_list":["post-2515","post","type-post","status-publish","format-standard","hentry","category-museu-da-pesca","tag-enpa","tag-marcao","tag-museu-da-pesca","tag-pesca","tag-pesca-amadora","tag-pescaria"],"_links":{"self":[{"href":"https:\/\/www.pescanordeste.com.br\/revista\/wp-json\/wp\/v2\/posts\/2515","targetHints":{"allow":["GET"]}}],"collection":[{"href":"https:\/\/www.pescanordeste.com.br\/revista\/wp-json\/wp\/v2\/posts"}],"about":[{"href":"https:\/\/www.pescanordeste.com.br\/revista\/wp-json\/wp\/v2\/types\/post"}],"author":[{"embeddable":true,"href":"https:\/\/www.pescanordeste.com.br\/revista\/wp-json\/wp\/v2\/users\/5"}],"replies":[{"embeddable":true,"href":"https:\/\/www.pescanordeste.com.br\/revista\/wp-json\/wp\/v2\/comments?post=2515"}],"version-history":[{"count":1,"href":"https:\/\/www.pescanordeste.com.br\/revista\/wp-json\/wp\/v2\/posts\/2515\/revisions"}],"predecessor-version":[{"id":2516,"href":"https:\/\/www.pescanordeste.com.br\/revista\/wp-json\/wp\/v2\/posts\/2515\/revisions\/2516"}],"wp:attachment":[{"href":"https:\/\/www.pescanordeste.com.br\/revista\/wp-json\/wp\/v2\/media?parent=2515"}],"wp:term":[{"taxonomy":"category","embeddable":true,"href":"https:\/\/www.pescanordeste.com.br\/revista\/wp-json\/wp\/v2\/categories?post=2515"},{"taxonomy":"post_tag","embeddable":true,"href":"https:\/\/www.pescanordeste.com.br\/revista\/wp-json\/wp\/v2\/tags?post=2515"}],"curies":[{"name":"wp","href":"https:\/\/api.w.org\/{rel}","templated":true}]}}