{"id":2506,"date":"2023-07-16T09:02:47","date_gmt":"2023-07-16T12:02:47","guid":{"rendered":"https:\/\/www.pescanordeste.com.br\/revista\/?p=2506"},"modified":"2023-12-29T13:16:26","modified_gmt":"2023-12-29T16:16:26","slug":"museu-da-pesca-82-video-enchova-isca-de-meia-agua-01","status":"publish","type":"post","link":"https:\/\/www.pescanordeste.com.br\/revista\/museu-da-pesca-82-video-enchova-isca-de-meia-agua-01\/","title":{"rendered":"Museu da Pesca 82 &#8211; V\u00eddeo \u201cEnchova \u2013 Isca de meia \u00e1gua 01\u201d"},"content":{"rendered":"\n<p>A pescaria nesse bloco foi realizada na Ilha Vit\u00f3ria, com iscas de meia \u00e1gua, pois devido uma aproxima\u00e7\u00e3o de frente fria o mar estava um pouco mexido, dificultando o trabalho de iscas de superf\u00edcie.<\/p>\n\n\n\n<figure class=\"wp-block-embed is-type-video is-provider-youtube wp-block-embed-youtube wp-embed-aspect-16-9 wp-has-aspect-ratio\"><div class=\"wp-block-embed__wrapper\">\n<iframe loading=\"lazy\" title=\"Enchova   Isca de meia \u00e1gua\" width=\"500\" height=\"281\" src=\"https:\/\/www.youtube.com\/embed\/5_f4ngMWaus?feature=oembed\" frameborder=\"0\" allow=\"accelerometer; autoplay; clipboard-write; encrypted-media; gyroscope; picture-in-picture; web-share\" referrerpolicy=\"strict-origin-when-cross-origin\" allowfullscreen><\/iframe>\n<\/div><\/figure>\n","protected":false},"excerpt":{"rendered":"<p>A pescaria nesse bloco foi realizada na Ilha Vit\u00f3ria, com iscas de meia \u00e1gua, pois devido uma aproxima\u00e7\u00e3o de frente fria o mar estava um pouco mexido, dificultando o trabalho de iscas de superf\u00edcie.<\/p>\n","protected":false},"author":5,"featured_media":0,"comment_status":"closed","ping_status":"closed","sticky":false,"template":"","format":"standard","meta":{"sfsi_plus_gutenberg_text_before_share":"","sfsi_plus_gutenberg_show_text_before_share":"","sfsi_plus_gutenberg_icon_type":"","sfsi_plus_gutenberg_icon_alignemt":"","sfsi_plus_gutenburg_max_per_row":"","footnotes":""},"categories":[166],"tags":[238,237,239,72,178,167,30,4],"class_list":["post-2506","post","type-post","status-publish","format-standard","hentry","category-museu-da-pesca","tag-anchova","tag-enchova","tag-ilha-vitoria","tag-isca-artificial","tag-marcao","tag-museu-da-pesca","tag-pesca","tag-pescaria"],"_links":{"self":[{"href":"https:\/\/www.pescanordeste.com.br\/revista\/wp-json\/wp\/v2\/posts\/2506","targetHints":{"allow":["GET"]}}],"collection":[{"href":"https:\/\/www.pescanordeste.com.br\/revista\/wp-json\/wp\/v2\/posts"}],"about":[{"href":"https:\/\/www.pescanordeste.com.br\/revista\/wp-json\/wp\/v2\/types\/post"}],"author":[{"embeddable":true,"href":"https:\/\/www.pescanordeste.com.br\/revista\/wp-json\/wp\/v2\/users\/5"}],"replies":[{"embeddable":true,"href":"https:\/\/www.pescanordeste.com.br\/revista\/wp-json\/wp\/v2\/comments?post=2506"}],"version-history":[{"count":1,"href":"https:\/\/www.pescanordeste.com.br\/revista\/wp-json\/wp\/v2\/posts\/2506\/revisions"}],"predecessor-version":[{"id":2507,"href":"https:\/\/www.pescanordeste.com.br\/revista\/wp-json\/wp\/v2\/posts\/2506\/revisions\/2507"}],"wp:attachment":[{"href":"https:\/\/www.pescanordeste.com.br\/revista\/wp-json\/wp\/v2\/media?parent=2506"}],"wp:term":[{"taxonomy":"category","embeddable":true,"href":"https:\/\/www.pescanordeste.com.br\/revista\/wp-json\/wp\/v2\/categories?post=2506"},{"taxonomy":"post_tag","embeddable":true,"href":"https:\/\/www.pescanordeste.com.br\/revista\/wp-json\/wp\/v2\/tags?post=2506"}],"curies":[{"name":"wp","href":"https:\/\/api.w.org\/{rel}","templated":true}]}}