{"id":2504,"date":"2023-06-26T11:33:12","date_gmt":"2023-06-26T14:33:12","guid":{"rendered":"https:\/\/www.pescanordeste.com.br\/revista\/?p=2504"},"modified":"2023-12-29T12:27:49","modified_gmt":"2023-12-29T15:27:49","slug":"museu-da-pesca-71-video-na-trilha-do-tucunare-02-anos-90","status":"publish","type":"post","link":"https:\/\/www.pescanordeste.com.br\/revista\/museu-da-pesca-71-video-na-trilha-do-tucunare-02-anos-90\/","title":{"rendered":"Museu da Pesca 71 &#8211; V\u00eddeo \u201cNa Trilha do Tucunar\u00e9\u201d 02 &#8211; anos 90"},"content":{"rendered":"\n<p>Durante todos esses anos tive o prazer de gravar muitos pescadores, tanto da m\u00eddia como amigos e conhecidos.<\/p>\n\n\n\n<p>Al\u00e9m do Ismar, uma das duplas foram os amigos Aroldo e Ilton Nomura. Foi com eles que gravei uma fita de uma hora com ataques fant\u00e1sticos de tucunar\u00e9s no rio Unini. Infelizmente ao chegar em S\u00e3o Paulo vi que a fita estava com defeito. \u00c9 sempre assim, nas melhores cenas acontece algum imprevisto. Pena que as <a><\/a>cenas ficar\u00e3o s\u00f3 na nossa mem\u00f3ria. Uma pequena parte ainda consegui salvar, mas com qualidade n\u00e3o muito boa. Oportunamente publicarei.<\/p>\n\n\n\n<p>Mas sempre somos recompensados pela natureza, que nos brindou com uma pescaria de praia, mas dessa vez desembarcados, com os p\u00e9s na areia. Os peixes n\u00e3o foram grandes, mas a satisfa\u00e7\u00e3o foi imensa.<\/p>\n\n\n\n<p>Inesquec\u00edvel!<\/p>\n\n\n\n<figure class=\"wp-block-embed is-type-video is-provider-youtube wp-block-embed-youtube wp-embed-aspect-16-9 wp-has-aspect-ratio\"><div class=\"wp-block-embed__wrapper\">\n<iframe loading=\"lazy\" title=\"Na Trilha do Tucunar\u00e9 02\" width=\"500\" height=\"281\" src=\"https:\/\/www.youtube.com\/embed\/47-GnUvAUI0?feature=oembed\" frameborder=\"0\" allow=\"accelerometer; autoplay; clipboard-write; encrypted-media; gyroscope; picture-in-picture; web-share\" referrerpolicy=\"strict-origin-when-cross-origin\" allowfullscreen><\/iframe>\n<\/div><\/figure>\n","protected":false},"excerpt":{"rendered":"<p>Durante todos esses anos tive o prazer de gravar muitos pescadores, tanto da m\u00eddia como amigos e conhecidos. Al\u00e9m do Ismar, uma das duplas foram os amigos Aroldo e Ilton Nomura. Foi com eles que gravei uma fita de uma hora com ataques fant\u00e1sticos de tucunar\u00e9s no rio Unini. Infelizmente ao chegar em S\u00e3o Paulo [&hellip;]<\/p>\n","protected":false},"author":5,"featured_media":0,"comment_status":"closed","ping_status":"closed","sticky":false,"template":"","format":"standard","meta":{"sfsi_plus_gutenberg_text_before_share":"","sfsi_plus_gutenberg_show_text_before_share":"","sfsi_plus_gutenberg_icon_type":"","sfsi_plus_gutenberg_icon_alignemt":"","sfsi_plus_gutenburg_max_per_row":"","footnotes":""},"categories":[166],"tags":[178,167,230,30,4,231,129],"class_list":["post-2504","post","type-post","status-publish","format-standard","hentry","category-museu-da-pesca","tag-marcao","tag-museu-da-pesca","tag-na-trilha-do-tucunare","tag-pesca","tag-pescaria","tag-rio-unini","tag-tucunare"],"_links":{"self":[{"href":"https:\/\/www.pescanordeste.com.br\/revista\/wp-json\/wp\/v2\/posts\/2504","targetHints":{"allow":["GET"]}}],"collection":[{"href":"https:\/\/www.pescanordeste.com.br\/revista\/wp-json\/wp\/v2\/posts"}],"about":[{"href":"https:\/\/www.pescanordeste.com.br\/revista\/wp-json\/wp\/v2\/types\/post"}],"author":[{"embeddable":true,"href":"https:\/\/www.pescanordeste.com.br\/revista\/wp-json\/wp\/v2\/users\/5"}],"replies":[{"embeddable":true,"href":"https:\/\/www.pescanordeste.com.br\/revista\/wp-json\/wp\/v2\/comments?post=2504"}],"version-history":[{"count":1,"href":"https:\/\/www.pescanordeste.com.br\/revista\/wp-json\/wp\/v2\/posts\/2504\/revisions"}],"predecessor-version":[{"id":2505,"href":"https:\/\/www.pescanordeste.com.br\/revista\/wp-json\/wp\/v2\/posts\/2504\/revisions\/2505"}],"wp:attachment":[{"href":"https:\/\/www.pescanordeste.com.br\/revista\/wp-json\/wp\/v2\/media?parent=2504"}],"wp:term":[{"taxonomy":"category","embeddable":true,"href":"https:\/\/www.pescanordeste.com.br\/revista\/wp-json\/wp\/v2\/categories?post=2504"},{"taxonomy":"post_tag","embeddable":true,"href":"https:\/\/www.pescanordeste.com.br\/revista\/wp-json\/wp\/v2\/tags?post=2504"}],"curies":[{"name":"wp","href":"https:\/\/api.w.org\/{rel}","templated":true}]}}