{"id":2500,"date":"2023-07-04T09:16:12","date_gmt":"2023-07-04T12:16:12","guid":{"rendered":"https:\/\/www.pescanordeste.com.br\/revista\/?p=2500"},"modified":"2023-12-29T12:22:02","modified_gmt":"2023-12-29T15:22:02","slug":"museu-da-pesca-74-video-na-trilha-do-tucunare-05-anos-90","status":"publish","type":"post","link":"https:\/\/www.pescanordeste.com.br\/revista\/museu-da-pesca-74-video-na-trilha-do-tucunare-05-anos-90\/","title":{"rendered":"Museu da Pesca 74 &#8211; V\u00eddeo \u201cNa Trilha do Tucunar\u00e9\u201d 05 &#8211; anos 90"},"content":{"rendered":"\n<p>Na \u00e9poca desse v\u00eddeo o Saburo j\u00e1 tinha o Marco Polo em a\u00e7\u00e3o, barco maravilhoso constru\u00eddo com base na experi\u00eancia dele em excurs\u00f5es de pesca pela Amaz\u00f4nia, e de vez em quando organizava grupos com o intuito de testar novos pontos e tamb\u00e9m utilizar essas viagem para propaganda do esquema. Por sorte, eu era o convidado de plant\u00e3o para as grava\u00e7\u00f5es.<\/p>\n\n\n\n<p>Essa foi uma dessas viagens.<\/p>\n\n\n\n<figure class=\"wp-block-embed is-type-video is-provider-youtube wp-block-embed-youtube wp-embed-aspect-16-9 wp-has-aspect-ratio\"><div class=\"wp-block-embed__wrapper\">\n<iframe loading=\"lazy\" title=\"Na Trilha do Tucunar\u00e9 05\" width=\"500\" height=\"281\" src=\"https:\/\/www.youtube.com\/embed\/KNSpgM8CuyQ?feature=oembed\" frameborder=\"0\" allow=\"accelerometer; autoplay; clipboard-write; encrypted-media; gyroscope; picture-in-picture; web-share\" referrerpolicy=\"strict-origin-when-cross-origin\" allowfullscreen><\/iframe>\n<\/div><\/figure>\n","protected":false},"excerpt":{"rendered":"<p>Na \u00e9poca desse v\u00eddeo o Saburo j\u00e1 tinha o Marco Polo em a\u00e7\u00e3o, barco maravilhoso constru\u00eddo com base na experi\u00eancia dele em excurs\u00f5es de pesca pela Amaz\u00f4nia, e de vez em quando organizava grupos com o intuito de testar novos pontos e tamb\u00e9m utilizar essas viagem para propaganda do esquema. Por sorte, eu era o [&hellip;]<\/p>\n","protected":false},"author":5,"featured_media":0,"comment_status":"closed","ping_status":"closed","sticky":false,"template":"","format":"standard","meta":{"sfsi_plus_gutenberg_text_before_share":"","sfsi_plus_gutenberg_show_text_before_share":"","sfsi_plus_gutenberg_icon_type":"","sfsi_plus_gutenberg_icon_alignemt":"","sfsi_plus_gutenburg_max_per_row":"","footnotes":""},"categories":[166],"tags":[178,167,230,30,4,129],"class_list":["post-2500","post","type-post","status-publish","format-standard","hentry","category-museu-da-pesca","tag-marcao","tag-museu-da-pesca","tag-na-trilha-do-tucunare","tag-pesca","tag-pescaria","tag-tucunare"],"_links":{"self":[{"href":"https:\/\/www.pescanordeste.com.br\/revista\/wp-json\/wp\/v2\/posts\/2500","targetHints":{"allow":["GET"]}}],"collection":[{"href":"https:\/\/www.pescanordeste.com.br\/revista\/wp-json\/wp\/v2\/posts"}],"about":[{"href":"https:\/\/www.pescanordeste.com.br\/revista\/wp-json\/wp\/v2\/types\/post"}],"author":[{"embeddable":true,"href":"https:\/\/www.pescanordeste.com.br\/revista\/wp-json\/wp\/v2\/users\/5"}],"replies":[{"embeddable":true,"href":"https:\/\/www.pescanordeste.com.br\/revista\/wp-json\/wp\/v2\/comments?post=2500"}],"version-history":[{"count":1,"href":"https:\/\/www.pescanordeste.com.br\/revista\/wp-json\/wp\/v2\/posts\/2500\/revisions"}],"predecessor-version":[{"id":2501,"href":"https:\/\/www.pescanordeste.com.br\/revista\/wp-json\/wp\/v2\/posts\/2500\/revisions\/2501"}],"wp:attachment":[{"href":"https:\/\/www.pescanordeste.com.br\/revista\/wp-json\/wp\/v2\/media?parent=2500"}],"wp:term":[{"taxonomy":"category","embeddable":true,"href":"https:\/\/www.pescanordeste.com.br\/revista\/wp-json\/wp\/v2\/categories?post=2500"},{"taxonomy":"post_tag","embeddable":true,"href":"https:\/\/www.pescanordeste.com.br\/revista\/wp-json\/wp\/v2\/tags?post=2500"}],"curies":[{"name":"wp","href":"https:\/\/api.w.org\/{rel}","templated":true}]}}