{"id":2485,"date":"2023-12-26T11:37:15","date_gmt":"2023-12-26T14:37:15","guid":{"rendered":"https:\/\/www.pescanordeste.com.br\/revista\/?p=2485"},"modified":"2023-12-26T17:59:59","modified_gmt":"2023-12-26T20:59:59","slug":"museu-da-pesca-210-a-lenda-das-guarairas","status":"publish","type":"post","link":"https:\/\/www.pescanordeste.com.br\/revista\/museu-da-pesca-210-a-lenda-das-guarairas\/","title":{"rendered":"Museu da Pesca 210 &#8211; A lenda das Guara\u00edras"},"content":{"rendered":"\n<p>Na d\u00e9cada de 90 eu morava em S\u00e3o Paulo e fui fazer um trabalho no Rio Grande do Norte, em Tibau do Sul, para a revista Trof\u00e9u Pesca. Fomos eu, o Carlos Eduardo Berni (Cadu), e um fot\u00f3grafo cujo nome n\u00e3o me lembro. Ficamos hospedados no Hotel Marinas, em Tibau do Sul, e al\u00e9m da mat\u00e9ria para a revista ir\u00edamos gravar a pescaria, n\u00e3o me lembro qual a finalidade. Hotel muito bem organizado e instalado em posi\u00e7\u00e3o privilegiada. Observei logo de cara, no restaurante com vista para o mar, que existia uma lenda local registrada em azulejos na parede, em posi\u00e7\u00e3o de destaque. N\u00e3o resisti e gravei, e passados 30 anos ainda permanecem no mesmo local original, mantendo a tradi\u00e7\u00e3o e a hist\u00f3ria pitoresca da regi\u00e3o. Achei interessante e aqui repasso aos amigos.<\/p>\n\n\n\n<figure class=\"wp-block-embed is-type-video is-provider-youtube wp-block-embed-youtube wp-embed-aspect-16-9 wp-has-aspect-ratio\"><div class=\"wp-block-embed__wrapper\">\n<iframe loading=\"lazy\" title=\"A lenda das Guara\u00edras\" width=\"500\" height=\"281\" src=\"https:\/\/www.youtube.com\/embed\/h5M4dx-tRBU?feature=oembed\" frameborder=\"0\" allow=\"accelerometer; autoplay; clipboard-write; encrypted-media; gyroscope; picture-in-picture; web-share\" referrerpolicy=\"strict-origin-when-cross-origin\" allowfullscreen><\/iframe>\n<\/div><\/figure>\n","protected":false},"excerpt":{"rendered":"<p>Na d\u00e9cada de 90 eu morava em S\u00e3o Paulo e fui fazer um trabalho no Rio Grande do Norte, em Tibau do Sul, para a revista Trof\u00e9u Pesca. Fomos eu, o Carlos Eduardo Berni (Cadu), e um fot\u00f3grafo cujo nome n\u00e3o me lembro. Ficamos hospedados no Hotel Marinas, em Tibau do Sul, e al\u00e9m da [&hellip;]<\/p>\n","protected":false},"author":5,"featured_media":0,"comment_status":"closed","ping_status":"closed","sticky":false,"template":"","format":"standard","meta":{"sfsi_plus_gutenberg_text_before_share":"","sfsi_plus_gutenberg_show_text_before_share":"","sfsi_plus_gutenberg_icon_type":"","sfsi_plus_gutenberg_icon_alignemt":"","sfsi_plus_gutenburg_max_per_row":"","footnotes":""},"categories":[166],"tags":[227,178,167,7,30,4,172,168,226],"class_list":["post-2485","post","type-post","status-publish","format-standard","hentry","category-museu-da-pesca","tag-guarairas","tag-marcao","tag-museu-da-pesca","tag-nordeste","tag-pesca","tag-pescaria","tag-rio-grande-do-norte","tag-tibau-do-sul","tag-trofeu-pesca"],"_links":{"self":[{"href":"https:\/\/www.pescanordeste.com.br\/revista\/wp-json\/wp\/v2\/posts\/2485","targetHints":{"allow":["GET"]}}],"collection":[{"href":"https:\/\/www.pescanordeste.com.br\/revista\/wp-json\/wp\/v2\/posts"}],"about":[{"href":"https:\/\/www.pescanordeste.com.br\/revista\/wp-json\/wp\/v2\/types\/post"}],"author":[{"embeddable":true,"href":"https:\/\/www.pescanordeste.com.br\/revista\/wp-json\/wp\/v2\/users\/5"}],"replies":[{"embeddable":true,"href":"https:\/\/www.pescanordeste.com.br\/revista\/wp-json\/wp\/v2\/comments?post=2485"}],"version-history":[{"count":1,"href":"https:\/\/www.pescanordeste.com.br\/revista\/wp-json\/wp\/v2\/posts\/2485\/revisions"}],"predecessor-version":[{"id":2486,"href":"https:\/\/www.pescanordeste.com.br\/revista\/wp-json\/wp\/v2\/posts\/2485\/revisions\/2486"}],"wp:attachment":[{"href":"https:\/\/www.pescanordeste.com.br\/revista\/wp-json\/wp\/v2\/media?parent=2485"}],"wp:term":[{"taxonomy":"category","embeddable":true,"href":"https:\/\/www.pescanordeste.com.br\/revista\/wp-json\/wp\/v2\/categories?post=2485"},{"taxonomy":"post_tag","embeddable":true,"href":"https:\/\/www.pescanordeste.com.br\/revista\/wp-json\/wp\/v2\/tags?post=2485"}],"curies":[{"name":"wp","href":"https:\/\/api.w.org\/{rel}","templated":true}]}}